{"id":569966,"date":"2025-12-01T01:03:14","date_gmt":"2025-12-01T01:03:14","guid":{"rendered":"https:\/\/www.europesays.com\/fr\/569966\/"},"modified":"2025-12-01T01:03:14","modified_gmt":"2025-12-01T01:03:14","slug":"previsions-du-lundi-1er-decembre-2025","status":"publish","type":"post","link":"https:\/\/www.europesays.com\/fr\/569966\/","title":{"rendered":"pr\u00e9visions du lundi 1er d\u00e9cembre 2025"},"content":{"rendered":"<p>Montpellier va conna\u00eetre une belle journ\u00e9e tr\u00e8s ensoleill\u00e9e. Il fera environ 9\u00b0C. Il va faire 8\u00b0C en moyenne le matin. Un petit vent de nord-ouest soufflera. Les valeurs seront de 9\u00b0C au plus bas et de 12\u00b0C au plus haut l&rsquo;apr\u00e8s-midi. On pr\u00e9voit une embellie pour cette soir\u00e9e. Le mercure affichera 8\u00b0C en moyenne. Entre lundi et mardi, la nuit sera claire.<\/p>\n<p>Montpellier, o\u00f9 des nuages persisteront demain, continuera d&rsquo;attendre le soleil. C&rsquo;est une hausse de quelques degr\u00e9s que vont enregistrer les temp\u00e9ratures. Ces valeurs seront comprises entre 7 et 12\u00b0C. De petites averses rendront la matin\u00e9e maussade. Les valeurs s&rsquo;\u00e9chelonneront entre 8 et 12\u00b0C. Un vent de nord-est soufflera l\u00e9g\u00e8rement, avec 6 km\/h. Les nuages \u00e0 pr\u00e9voir demain apr\u00e8s-midi, et un ciel encore gris. Du mauvais temps est \u00e0 pr\u00e9voir. Des pluies \u00e9parses vont tomber. Les temp\u00e9ratures afficheront entre 10\u00b0C et 12\u00b0C. Encore de la grisaille demain soir. Les nuages vont s&rsquo;attarder. Il va pleuvoir. Les valeurs avoisineront les 10\u00b0C. Une modeste brise de nord-est sera ressentie par les habitants.<\/p>\n<p>Le temps des jours qui suivent va changer progressivement. Apr\u00e8s un temps stable mercredi, la situation changera jeudi.<\/p>\n<p><\/p>\n","protected":false},"excerpt":{"rendered":"Montpellier va conna\u00eetre une belle journ\u00e9e tr\u00e8s ensoleill\u00e9e. Il fera environ 9\u00b0C. Il va faire 8\u00b0C en moyenne&hellip;\n","protected":false},"author":2,"featured_media":569967,"comment_status":"","ping_status":"","sticky":false,"template":"","format":"standard","meta":{"footnotes":""},"categories":[9599],"tags":[1111,11,1777,674,1011,27,2208,12,2680,2119,25],"class_list":{"0":"post-569966","1":"post","2":"type-post","3":"status-publish","4":"format-standard","5":"has-post-thumbnail","7":"category-montpellier","8":"tag-actu","9":"tag-actualites","10":"tag-eu","11":"tag-europe","12":"tag-fr","13":"tag-france","14":"tag-montpellier","15":"tag-news","16":"tag-occitanie","17":"tag-previsions-meteo","18":"tag-republique-francaise"},"share_on_mastodon":{"url":"https:\/\/pubeurope.com\/@fr\/115641621138343705","error":""},"_links":{"self":[{"href":"https:\/\/www.europesays.com\/fr\/wp-json\/wp\/v2\/posts\/569966","targetHints":{"allow":["GET"]}}],"collection":[{"href":"https:\/\/www.europesays.com\/fr\/wp-json\/wp\/v2\/posts"}],"about":[{"href":"https:\/\/www.europesays.com\/fr\/wp-json\/wp\/v2\/types\/post"}],"author":[{"embeddable":true,"href":"https:\/\/www.europesays.com\/fr\/wp-json\/wp\/v2\/users\/2"}],"replies":[{"embeddable":true,"href":"https:\/\/www.europesays.com\/fr\/wp-json\/wp\/v2\/comments?post=569966"}],"version-history":[{"count":0,"href":"https:\/\/www.europesays.com\/fr\/wp-json\/wp\/v2\/posts\/569966\/revisions"}],"wp:featuredmedia":[{"embeddable":true,"href":"https:\/\/www.europesays.com\/fr\/wp-json\/wp\/v2\/media\/569967"}],"wp:attachment":[{"href":"https:\/\/www.europesays.com\/fr\/wp-json\/wp\/v2\/media?parent=569966"}],"wp:term":[{"taxonomy":"category","embeddable":true,"href":"https:\/\/www.europesays.com\/fr\/wp-json\/wp\/v2\/categories?post=569966"},{"taxonomy":"post_tag","embeddable":true,"href":"https:\/\/www.europesays.com\/fr\/wp-json\/wp\/v2\/tags?post=569966"}],"curies":[{"name":"wp","href":"https:\/\/api.w.org\/{rel}","templated":true}]}}