{"id":569968,"date":"2025-12-01T01:04:22","date_gmt":"2025-12-01T01:04:22","guid":{"rendered":"https:\/\/www.europesays.com\/fr\/569968\/"},"modified":"2025-12-01T01:04:22","modified_gmt":"2025-12-01T01:04:22","slug":"quelle-sera-la-meteo-cette-semaine","status":"publish","type":"post","link":"https:\/\/www.europesays.com\/fr\/569968\/","title":{"rendered":"quelle sera la m\u00e9t\u00e9o cette semaine\u00a0?"},"content":{"rendered":"<p>                    Par<br \/>\n        <strong><br \/>\n            <a href=\"https:\/\/actu.fr\/auteur\/louise-boutard\" title=\"Consulter tous les articles de Louise Boutard\" target=\"_blank\" rel=\"noopener\">Louise Boutard<\/a><br \/>\n                    <\/strong><\/p>\n<p>        Publi\u00e9 le<\/p>\n<p>            30 nov. 2025 \u00e0 16h54        <\/p>\n<p>C\u2019est encore l\u2019automne pour cette derni\u00e8re semaine de d\u00e9cembre, et vous ne savez pas s\u2019il faut sortir le parapluie, le bonnet en laine ou les lunettes de soleil\u2009? On vous dit tout ce qui vous attend c\u00f4t\u00e9 <strong>m\u00e9t\u00e9o<\/strong> en <a href=\"https:\/\/actu.fr\/76actu\/\" target=\"_blank\" rel=\"noopener\">Seine-Maritime<\/a> pour cette semaine du<strong> lundi\u00a01er au dimanche 7\u00a0d\u00e9cembre 2025.<\/strong><\/p>\n<p>Pluie et soleil<\/p>\n<p class=\" wall-content\">D\u00e8s ce lundi, c\u2019est avant tout <strong>la pluie<\/strong> qui est attendue en Seine-Maritime. Mais pas de panique, on apercevra <strong>tout de m\u00eame le soleil,<\/strong> par intermittence mardi, et plus franchement mercredi.<\/p>\n<p class=\" wall-content\">Entre soleil et nuages, on devrait avoir le temps de profiter de belles \u00e9claircies, \u00e0 Rouen comme au\u00a0Havre. Pas de jaloux, le temps annonc\u00e9 est le m\u00eame pour toute la Seine-Maritime.<\/p>\n<p class=\" wall-content\">Pour la fin de semaine en revanche, c\u2019est<strong> le retour de la pluie<\/strong> qui est annonc\u00e9 \u00e0 partir de jeudi et jusqu\u2019\u00e0 dimanche.<\/p>\n<p>Vous souhaitez annoncer un \u00e9v\u00e9nement festif ou associatif, une initiative locale\u2009? Rendez-vous sur notre plateforme <a href=\"https:\/\/www.infolocale.fr\/decouvrir\/actu\/\" target=\"_blank\" rel=\"noopener\">Infolocale<\/a>.<\/p>\n<p class=\" wall-content\">Personnalisez votre actualit\u00e9 en ajoutant vos villes et m\u00e9dias en favori avec <a href=\"https:\/\/moncompte.actu.fr\" title=\"D\u00e9couvez Mon Actu\" rel=\"nofollow noopener\" data-trk=\"{&quot;cta&quot;:{&quot;action&quot;:&quot;https:\\\/\\\/moncompte.actu.fr&quot;,&quot;category&quot;:&quot;mon compte&quot;,&quot;from&quot;:&quot;article footer&quot;,&quot;name&quot;:&quot;Mon actu&quot;,&quot;type&quot;:&quot;cta&quot;}}\" target=\"_blank\">Mon Actu<\/a>.<\/p>\n","protected":false},"excerpt":{"rendered":"Par Louise Boutard Publi\u00e9 le 30 nov. 2025 \u00e0 16h54 C\u2019est encore l\u2019automne pour cette derni\u00e8re semaine de&hellip;\n","protected":false},"author":2,"featured_media":569969,"comment_status":"","ping_status":"","sticky":false,"template":"","format":"standard","meta":{"footnotes":""},"categories":[9587],"tags":[1111,11,1777,674,1011,27,3447,2487,2357,12,5161,4459,25,9590],"class_list":{"0":"post-569968","1":"post","2":"type-post","3":"status-publish","4":"format-standard","5":"has-post-thumbnail","7":"category-rouen","8":"tag-actu","9":"tag-actualites","10":"tag-eu","11":"tag-europe","12":"tag-fr","13":"tag-france","14":"tag-froid","15":"tag-meteo","16":"tag-meteo-france","17":"tag-news","18":"tag-normandie","19":"tag-pluie","20":"tag-republique-francaise","21":"tag-rouen"},"share_on_mastodon":{"url":"https:\/\/pubeurope.com\/@fr\/115641624988140545","error":""},"_links":{"self":[{"href":"https:\/\/www.europesays.com\/fr\/wp-json\/wp\/v2\/posts\/569968","targetHints":{"allow":["GET"]}}],"collection":[{"href":"https:\/\/www.europesays.com\/fr\/wp-json\/wp\/v2\/posts"}],"about":[{"href":"https:\/\/www.europesays.com\/fr\/wp-json\/wp\/v2\/types\/post"}],"author":[{"embeddable":true,"href":"https:\/\/www.europesays.com\/fr\/wp-json\/wp\/v2\/users\/2"}],"replies":[{"embeddable":true,"href":"https:\/\/www.europesays.com\/fr\/wp-json\/wp\/v2\/comments?post=569968"}],"version-history":[{"count":0,"href":"https:\/\/www.europesays.com\/fr\/wp-json\/wp\/v2\/posts\/569968\/revisions"}],"wp:featuredmedia":[{"embeddable":true,"href":"https:\/\/www.europesays.com\/fr\/wp-json\/wp\/v2\/media\/569969"}],"wp:attachment":[{"href":"https:\/\/www.europesays.com\/fr\/wp-json\/wp\/v2\/media?parent=569968"}],"wp:term":[{"taxonomy":"category","embeddable":true,"href":"https:\/\/www.europesays.com\/fr\/wp-json\/wp\/v2\/categories?post=569968"},{"taxonomy":"post_tag","embeddable":true,"href":"https:\/\/www.europesays.com\/fr\/wp-json\/wp\/v2\/tags?post=569968"}],"curies":[{"name":"wp","href":"https:\/\/api.w.org\/{rel}","templated":true}]}}