{"id":56997,"date":"2025-04-27T14:21:13","date_gmt":"2025-04-27T14:21:13","guid":{"rendered":"https:\/\/www.europesays.com\/fr\/56997\/"},"modified":"2025-04-27T14:21:13","modified_gmt":"2025-04-27T14:21:13","slug":"record-daffluence-au-stade-de-france-pour-le-concert-de-jul-actualites","status":"publish","type":"post","link":"https:\/\/www.europesays.com\/fr\/56997\/","title":{"rendered":"Record d&rsquo;affluence au Stade de France pour le concert de Jul : Actualit\u00e9s"},"content":{"rendered":"<p class=\"lead \">Le concert parisien du rappeur marseillais Jul a battu samedi soir le \u00ab\u00a0record de fr\u00e9quentation\u00a0\u00bb au Stade de France en r\u00e9unissant 97.816 spectateurs, a indiqu\u00e9 l&rsquo;organisation du stade \u00e0 l&rsquo;AFP dimanche.<\/p>\n<p class=\"lead \">\u00ab\u00a0L&rsquo;Ovni\u00a0\u00bb (un de ses surnoms) \u00e0 la trentaine d&rsquo;albums bat ainsi le pr\u00e9c\u00e9dent record \u00e9tabli par le groupe de rock Indochine en mai 2022 avec 97.036 fans.<\/p>\n<p class=\"lead \">\u00ab\u00a0Record historique&#8230; on la (sic) fait ensemble la team\u00a0\u00bb, a r\u00e9agi dimanche le rappeur &#8211; de son vrai nom Julien Mari &#8211; sur son compte officiel sur X, suivi par pr\u00e8s de 2 millions d&rsquo;abonn\u00e9s.<\/p>\n<p class=\"lead \">Au-del\u00e0 de la popularit\u00e9 de Jul, ce record s&rsquo;explique par \u00ab\u00a0la sc\u00e9nographie, la surface au sol disponible et l&rsquo;am\u00e9nagement du stade\u00a0\u00bb, explique le Stade de France.<\/p>\n<p class=\"lead \">Face \u00e0 l&rsquo;engouement suscit\u00e9 par le concert du chanteur de 35 ans, qui est arriv\u00e9 par les airs au coeur du stade, une diffusion en direct du spectacle \u00e9tait propos\u00e9e \u00e0 ses fans pour la somme de 10 euros.<\/p>\n<p class=\"lead \">Artiste le plus \u00e9cout\u00e9 en France en 2024 sur Spotify et leader des plateformes d&rsquo;\u00e9coute en ligne, Jul va encha\u00eener deux autres dates au V\u00e9lodrome de Marseille les 23 et 24 mai.<\/p>\n<p class=\"lead \">Les billets pour sa tourn\u00e9e s&rsquo;\u00e9taient \u00e9coul\u00e9s en quelques minutes lors de leur mise en vente l&rsquo;an dernier.<\/p>\n<p class=\"small font-weight-bold text-gray3 \"> publi\u00e9 le 27 avril \u00e0 12h24, AFP<\/p>\n<p>                             Partager<\/p>\n","protected":false},"excerpt":{"rendered":"Le concert parisien du rappeur marseillais Jul a battu samedi soir le \u00ab\u00a0record de fr\u00e9quentation\u00a0\u00bb au Stade de&hellip;\n","protected":false},"author":2,"featured_media":56998,"comment_status":"","ping_status":"","sticky":false,"template":"","format":"standard","meta":{"footnotes":""},"categories":[8],"tags":[251,58,59,1011,27,873,3241],"class_list":{"0":"post-56997","1":"post","2":"type-post","3":"status-publish","4":"format-standard","5":"has-post-thumbnail","7":"category-divertissement","8":"tag-culture","9":"tag-divertissement","10":"tag-entertainment","11":"tag-fr","12":"tag-france","13":"tag-musique","14":"tag-record"},"share_on_mastodon":{"url":"https:\/\/pubeurope.com\/@fr\/114410375296917422","error":""},"_links":{"self":[{"href":"https:\/\/www.europesays.com\/fr\/wp-json\/wp\/v2\/posts\/56997","targetHints":{"allow":["GET"]}}],"collection":[{"href":"https:\/\/www.europesays.com\/fr\/wp-json\/wp\/v2\/posts"}],"about":[{"href":"https:\/\/www.europesays.com\/fr\/wp-json\/wp\/v2\/types\/post"}],"author":[{"embeddable":true,"href":"https:\/\/www.europesays.com\/fr\/wp-json\/wp\/v2\/users\/2"}],"replies":[{"embeddable":true,"href":"https:\/\/www.europesays.com\/fr\/wp-json\/wp\/v2\/comments?post=56997"}],"version-history":[{"count":0,"href":"https:\/\/www.europesays.com\/fr\/wp-json\/wp\/v2\/posts\/56997\/revisions"}],"wp:featuredmedia":[{"embeddable":true,"href":"https:\/\/www.europesays.com\/fr\/wp-json\/wp\/v2\/media\/56998"}],"wp:attachment":[{"href":"https:\/\/www.europesays.com\/fr\/wp-json\/wp\/v2\/media?parent=56997"}],"wp:term":[{"taxonomy":"category","embeddable":true,"href":"https:\/\/www.europesays.com\/fr\/wp-json\/wp\/v2\/categories?post=56997"},{"taxonomy":"post_tag","embeddable":true,"href":"https:\/\/www.europesays.com\/fr\/wp-json\/wp\/v2\/tags?post=56997"}],"curies":[{"name":"wp","href":"https:\/\/api.w.org\/{rel}","templated":true}]}}