{"id":569974,"date":"2025-12-01T01:12:49","date_gmt":"2025-12-01T01:12:49","guid":{"rendered":"https:\/\/www.europesays.com\/fr\/569974\/"},"modified":"2025-12-01T01:12:49","modified_gmt":"2025-12-01T01:12:49","slug":"il-y-a-de-la-bave-parfois-du-pipi-cest-la-vie-que-jai-choisie-les-concept-stores","status":"publish","type":"post","link":"https:\/\/www.europesays.com\/fr\/569974\/","title":{"rendered":"\u00ab Il y a de la bave, parfois du pipi, c\u2019est la vie que j\u2019ai choisie \u00bb \u00bb : les concept stores"},"content":{"rendered":"<p>Cosm\u00e9tiques bios, arc-en-ciel d\u2019accessoires, carte de caf\u00e9s latt\u00e9s\u2026 \u00c0 premi\u00e8re vue, tout indique un caf\u00e9 boutique du centre de Rennes (Ille-et-Vilaine). \u00c0 quelques d\u00e9tails pr\u00e8s\u00a0: une gamelle en c\u00e9ramique tr\u00f4ne \u00e0 l\u2019entr\u00e9e, chaque objet est floqu\u00e9 d\u2019une truffe ou d\u2019une patte, et Power, un Bouvier bernois massif, vient de s\u2019asseoir au pied du comptoir. Bienvenue chez Clebs, concept store canin ouvert d\u00e9but septembre dans la capitale bretonne.<\/p>\n<p>Ici, on vient affirmer <a href=\"https:\/\/rennes.maville.com\/actu\/actudet_-reportage.-l-animal-de-compagnie-nouvel-enfant-de-la-famille-_7-7065852_actu.Htm\" target=\"_self\" rel=\"noopener\">son appartenance \u00e0 la \u00ab\u00a0team chien\u00a0\u00bb<\/a> \u2013 chaussettes \u00e0 motifs teckel, casquette Clebs club \u2013, laver son compagnon dans le \u00ab\u00a0dog wash\u00a0\u00bb en libre-service (d\u00e8s 15\u00a0\u20ac la demi-heure) ou simplement \u00e9changer entre ma\u00eetres. Power lape joyeusement, pendant que sa ma\u00eetresse, Cyrielle, 39\u00a0ans, passe commande. Un th\u00e9 et un \u00ab\u00a0Clebs\u00a0latte\u00a0\u00bb (mousse de\u00a0coco\u00a0saupoudr\u00e9e de poudre de caroube, 4\u00a0\u20ac). <strong>\u00ab\u00a0S\u2019il y en a par terre, ce n\u2019est pas grave<\/strong>, sourit Alice Talaga, 31\u00a0ans. <strong>Il y a de la bave, parfois du pipi\u2026 Je fais le m\u00e9nage plusieurs fois par jour, c\u2019est la vie que j\u2019ai choisie.\u00a0\u00bb<\/strong><\/p>\n<p>Recal\u00e9e d\u2019une animalerie<\/p>\n<p>Cette sp\u00e9cialiste du marketing digital a quitt\u00e9 son poste pour ouvrir ce lieu. <strong>\u00ab\u00a0J\u2019en voyais ailleurs. J\u2019avais envie d\u2019un endroit pour celles et ceux qui consid\u00e8rent leur animal comme un vrai membre de la famille\u00a0\u00bb<\/strong>, raconte celle qui partage la vie de Billie, son cocker. Sa client\u00e8le\u00a0? <strong>\u00ab\u00a0Les 24-37 ans, qui ont Instagram et un chien.\u00a0\u00bb<\/strong> Et qui ne savent pas toujours o\u00f9 aller avec. <strong>\u00ab\u00a0Beaucoup de gens me disent qu\u2019il est difficile de trouver un endroit 100\u00a0% dogfriendly.\u00a0\u00bb<\/strong> Cyrielle acquiesce\u00a0:<strong> \u00ab\u00a0On se sent souvent jug\u00e9 de prendre de la place, de salir\u2026 Je me suis d\u00e9j\u00e0 fait recaler d\u2019une animalerie.\u00a0\u00bb<\/strong><\/p>\n<p>\u00c0 Paris, le mouvement a \u00e9t\u00e9 lanc\u00e9 il y a trois ans avec la boutique Barkers and Brothers. Depuis, il gagne du terrain, y compris dans l\u2019Ouest\u00a0: Oscar \u00e0 la plage \u00e0 Vannes, Marcel et Patachon \u00e0 Lannion, Une famille \u00e0 Dinard, Chez Bobby \u00e0 Angers\u2026 Sans oublier l\u2019essor de services tels que la balade, la photo canine ou le coaching \u00e9ducatif. <strong>\u00ab\u00a0Deux choses ont explos\u00e9 pendant le Covid\u00a0: le jardinage et l\u2019adoption des animaux de compagnie. On a ensuite vu tout un nouveau pan de l\u2019\u00e9conomie canine \u00e9merger\u00a0\u00bb<\/strong>, analyse Myl\u00e8ne Bertaux, autrice de\u00a0Toutoute \u2013 La nouvelle place des chiens dans nos vies\u00a0aux \u00e9ditions Fayard.<\/p>\n<p>Cette attention croissante, teint\u00e9e d\u2019anthropomorphisme, traduit aussi un besoin de lien d\u00e9sormais transf\u00e9r\u00e9 vers les animaux. Alors on cr\u00e9e des caf\u00e9s d\u00e9di\u00e9s comme on cr\u00e9e des caf\u00e9s \u00ab\u00a0kids friendly\u00a0\u00bb\u2026 Tous ces acteurs s\u2019adressent d\u2019ailleurs \u00e0 la g\u00e9n\u00e9ration des \u00ab\u00a0dog parents\u00a0\u00bb, pour qui le chien est souvent leur premier engagement. <strong>\u00ab\u00a0La Gen Z et les Millennials se consid\u00e8rent de plus en plus comme des parents d\u2019animaux plut\u00f4t que comme de simples propri\u00e9taires\u00a0\u00bb<\/strong>, assure la journaliste, elle-m\u00eame \u00ab\u00a0dog mum\u00a0\u00bb.\u00a0Sachant que les moins de 35\u00a0ans d\u00e9pensent en moyenne 1\u00a0500\u00a0\u20ac par an pour leur animal, selon l\u2019\u00e9tude De la main \u00e0 la patte (Harris Interactive, 2021). Autant dire que le concept n\u2019a rien d\u2019une niche.<\/p>\n<p>\u00a0<\/p>\n","protected":false},"excerpt":{"rendered":"Cosm\u00e9tiques bios, arc-en-ciel d\u2019accessoires, carte de caf\u00e9s latt\u00e9s\u2026 \u00c0 premi\u00e8re vue, tout indique un caf\u00e9 boutique du centre&hellip;\n","protected":false},"author":2,"featured_media":569975,"comment_status":"","ping_status":"","sticky":false,"template":"","format":"standard","meta":{"footnotes":""},"categories":[2821],"tags":[1111,11,68529,829,68531,56270,16636,1777,674,68532,1011,27,12,17512,59369,584,25,68530,8551,4717],"class_list":{"0":"post-569974","1":"post","2":"type-post","3":"status-publish","4":"format-standard","5":"has-post-thumbnail","7":"category-rennes","8":"tag-actu","9":"tag-actualites","10":"tag-bave","11":"tag-bretagne","12":"tag-canins","13":"tag-choisie","14":"tag-concept","15":"tag-eu","16":"tag-europe","17":"tag-flairent","18":"tag-fr","19":"tag-france","20":"tag-news","21":"tag-parfois","22":"tag-pipi","23":"tag-rennes","24":"tag-republique-francaise","25":"tag-stores","26":"tag-tendance","27":"tag-vie"},"share_on_mastodon":{"url":"https:\/\/pubeurope.com\/@fr\/115641660415717566","error":""},"_links":{"self":[{"href":"https:\/\/www.europesays.com\/fr\/wp-json\/wp\/v2\/posts\/569974","targetHints":{"allow":["GET"]}}],"collection":[{"href":"https:\/\/www.europesays.com\/fr\/wp-json\/wp\/v2\/posts"}],"about":[{"href":"https:\/\/www.europesays.com\/fr\/wp-json\/wp\/v2\/types\/post"}],"author":[{"embeddable":true,"href":"https:\/\/www.europesays.com\/fr\/wp-json\/wp\/v2\/users\/2"}],"replies":[{"embeddable":true,"href":"https:\/\/www.europesays.com\/fr\/wp-json\/wp\/v2\/comments?post=569974"}],"version-history":[{"count":0,"href":"https:\/\/www.europesays.com\/fr\/wp-json\/wp\/v2\/posts\/569974\/revisions"}],"wp:featuredmedia":[{"embeddable":true,"href":"https:\/\/www.europesays.com\/fr\/wp-json\/wp\/v2\/media\/569975"}],"wp:attachment":[{"href":"https:\/\/www.europesays.com\/fr\/wp-json\/wp\/v2\/media?parent=569974"}],"wp:term":[{"taxonomy":"category","embeddable":true,"href":"https:\/\/www.europesays.com\/fr\/wp-json\/wp\/v2\/categories?post=569974"},{"taxonomy":"post_tag","embeddable":true,"href":"https:\/\/www.europesays.com\/fr\/wp-json\/wp\/v2\/tags?post=569974"}],"curies":[{"name":"wp","href":"https:\/\/api.w.org\/{rel}","templated":true}]}}