{"id":569978,"date":"2025-12-01T01:16:52","date_gmt":"2025-12-01T01:16:52","guid":{"rendered":"https:\/\/www.europesays.com\/fr\/569978\/"},"modified":"2025-12-01T01:16:52","modified_gmt":"2025-12-01T01:16:52","slug":"le-sapin-de-noel-de-strasbourg-classe-parmi-les-plus-beaux-du-monde-en-2025","status":"publish","type":"post","link":"https:\/\/www.europesays.com\/fr\/569978\/","title":{"rendered":"Le sapin de No\u00ebl de Strasbourg class\u00e9 parmi les plus beaux du monde en 2025"},"content":{"rendered":"<p>Chaque ann\u00e9e, les grandes capitales rivalisent d\u2019imagination pour cr\u00e9er le sapin qui fera le plus tourner les t\u00eates. Et au milieu des g\u00e9ants de Paris, New York ou Rio, Strasbourg tire son \u00e9pingle du jeu. La plateforme Civitatis a d\u00e9voil\u00e9 son palmar\u00e8s 2025 des dix sapins les plus spectaculaires du monde,<strong> un tour du globe f\u00e9erique o\u00f9 l\u2019Alsace d\u00e9croche fi\u00e8rement la 7\u1d49 place.<\/strong> Une jolie performance quand on sait que les sapins retenus sont de v\u00e9ritables ic\u00f4nes touristiques, photographi\u00e9s des millions de fois \u00e0 chaque saison.<\/p>\n<p>&#13;<\/p>\n<blockquote class=\"instagram-media\" data-instgrm-permalink=\"https:\/\/www.instagram.com\/p\/DCjxf7Bx_n0\/?utm_source=ig_embed&amp;utm_campaign=loading\" data-instgrm-version=\"14\" style=\"background: #FFF; border: 0; border-radius: 3px; box-shadow: 0 0 1px 0 rgba(0,0,0,0.5),0 1px 10px 0 rgba(0,0,0,0.15); margin: 1px; max-width: 540px; min-width: 326px; padding: 0; width: calc(100% - 2px);\"><p>&#13;<br \/>\n&#13;\n<\/p><\/blockquote>\n<p>&#13;<br \/>\n&#13;<br \/>\n<b>Un sapin qui porte 450 ans d\u2019histoire<\/b>&#13;<\/p>\n<p>Install\u00e9 chaque ann\u00e9e sur la place Kl\u00e9ber, le sapin du <a href=\"https:\/\/www.lebonbon.fr\/strasbourg\/news\/strasbourg-stationnement-acces-marche-noel\/\" rel=\"nofollow noopener noreferrer\" target=\"_blank\">march\u00e9 de No\u00ebl de Strasbourg<\/a> n\u2019est pas qu\u2019un beau d\u00e9cor\u00a0:<strong> c\u2019est une institution vieille de pr\u00e8s de quatre si\u00e8cles et demi.<\/strong> En 2025, il s\u2019habille autour du th\u00e8me chaleureux de la couronne de l\u2019Avent, m\u00ealant <strong>rouge profond, dor\u00e9 scintillant et argent d\u00e9licat. <\/strong>Un m\u00e9lange qui fait \u00e9cho aux traditions locales tout en apportant une touche \u00e9l\u00e9gante et contemporaine (la magie strasbourgeoise dans toute sa splendeur)<\/p>\n<p>&#13;<\/p>\n<blockquote class=\"instagram-media\" data-instgrm-permalink=\"https:\/\/www.instagram.com\/p\/ClZT7pWKopj\/?utm_source=ig_embed&amp;utm_campaign=loading\" data-instgrm-version=\"14\" style=\"background: #FFF; border: 0; border-radius: 3px; box-shadow: 0 0 1px 0 rgba(0,0,0,0.5),0 1px 10px 0 rgba(0,0,0,0.15); margin: 1px; max-width: 540px; min-width: 326px; padding: 0; width: calc(100% - 2px);\"><p>&#13;<br \/>\n&#13;\n<\/p><\/blockquote>\n<p>&#13;<br \/>\n&#13;<br \/>\n<b>Le c\u0153ur battant du march\u00e9 de No\u00ebl le plus ancien d\u2019Europe<\/b>&#13;<\/p>\n<p>Le sapin est surtout la porte d\u2019entr\u00e9e id\u00e9ale vers le plus ancien march\u00e9 de No\u00ebl d\u2019Europe. Autour de lui, <strong>ruelles, placettes, chalets et fa\u00e7ades \u00e0 colombages composent un tableau qui semble tout droit sorti d\u2019un conte d\u2019hiver.<\/strong> Chaque ann\u00e9e, les visiteurs du monde entier viennent y chercher un peu d\u2019authenticit\u00e9, un moment suspendu o\u00f9 l\u2019on retrouve l\u2019esprit de No\u00ebl tel qu\u2019on l\u2019imaginait enfant. Et lorsqu\u2019on observe les classements, distinctions et articles qui pleuvent sur Strasbourg \u00e0 chaque mois de d\u00e9cembre, on se dit qu\u2019une chose est s\u00fbre\u00a0: ici, No\u00ebl n\u2019est pas une saison, c\u2019est un h\u00e9ritage vivant\u00a0!<\/p>\n<p>&#13;<\/p>\n<p>Source\u00a0: <a href=\"https:\/\/www.civitatis.com\/blog\/fr\/plus-beaux-sapins-de-noel-monde\/?srsltid=AfmBOopj2YqKpveymQHyeQ67wpY79YqHCUm2hNl0Jvmt9vDR80DYHGxw\" rel=\"nofollow noopener noreferrer\" target=\"_blank\">Civitatis<\/a><\/p>\n<p><script async src=\"\/\/www.instagram.com\/embed.js\"><\/script><\/p>\n","protected":false},"excerpt":{"rendered":"Chaque ann\u00e9e, les grandes capitales rivalisent d\u2019imagination pour cr\u00e9er le sapin qui fera le plus tourner les t\u00eates.&hellip;\n","protected":false},"author":2,"featured_media":569979,"comment_status":"","ping_status":"","sticky":false,"template":"","format":"standard","meta":{"footnotes":""},"categories":[2820],"tags":[1111,11,1777,674,1011,27,775,12,25,640],"class_list":{"0":"post-569978","1":"post","2":"type-post","3":"status-publish","4":"format-standard","5":"has-post-thumbnail","7":"category-strasbourg","8":"tag-actu","9":"tag-actualites","10":"tag-eu","11":"tag-europe","12":"tag-fr","13":"tag-france","14":"tag-grand-est","15":"tag-news","16":"tag-republique-francaise","17":"tag-strasbourg"},"share_on_mastodon":{"url":"https:\/\/pubeurope.com\/@fr\/115641676153936444","error":""},"_links":{"self":[{"href":"https:\/\/www.europesays.com\/fr\/wp-json\/wp\/v2\/posts\/569978","targetHints":{"allow":["GET"]}}],"collection":[{"href":"https:\/\/www.europesays.com\/fr\/wp-json\/wp\/v2\/posts"}],"about":[{"href":"https:\/\/www.europesays.com\/fr\/wp-json\/wp\/v2\/types\/post"}],"author":[{"embeddable":true,"href":"https:\/\/www.europesays.com\/fr\/wp-json\/wp\/v2\/users\/2"}],"replies":[{"embeddable":true,"href":"https:\/\/www.europesays.com\/fr\/wp-json\/wp\/v2\/comments?post=569978"}],"version-history":[{"count":0,"href":"https:\/\/www.europesays.com\/fr\/wp-json\/wp\/v2\/posts\/569978\/revisions"}],"wp:featuredmedia":[{"embeddable":true,"href":"https:\/\/www.europesays.com\/fr\/wp-json\/wp\/v2\/media\/569979"}],"wp:attachment":[{"href":"https:\/\/www.europesays.com\/fr\/wp-json\/wp\/v2\/media?parent=569978"}],"wp:term":[{"taxonomy":"category","embeddable":true,"href":"https:\/\/www.europesays.com\/fr\/wp-json\/wp\/v2\/categories?post=569978"},{"taxonomy":"post_tag","embeddable":true,"href":"https:\/\/www.europesays.com\/fr\/wp-json\/wp\/v2\/tags?post=569978"}],"curies":[{"name":"wp","href":"https:\/\/api.w.org\/{rel}","templated":true}]}}