{"id":569980,"date":"2025-12-01T01:18:25","date_gmt":"2025-12-01T01:18:25","guid":{"rendered":"https:\/\/www.europesays.com\/fr\/569980\/"},"modified":"2025-12-01T01:18:25","modified_gmt":"2025-12-01T01:18:25","slug":"programme-du-1er-decembre-noel-a-strasbourg","status":"publish","type":"post","link":"https:\/\/www.europesays.com\/fr\/569980\/","title":{"rendered":"Programme du 1er d\u00e9cembre | No\u00ebl \u00e0 Strasbourg"},"content":{"rendered":"<p>            Encore 2 dodos avant l&rsquo;ouverture du march\u00e9 de No\u00ebl 2025<\/p>\n<p>L&rsquo;\u00e9dition 2025 de Strasbourg Capitale de No\u00ebl d\u00e9marre mercredi 26 novembre \u00e0 partir de 14h. Avant votre venue pr\u00e9parez votre visite en piochant dans notre kit comprenant : le programme 2025, le plan-guide officiel, la carte pour les personnes en situations de handicap, l&rsquo;application StrasApp, l&rsquo;application Ici Toilettes.<\/p>\n<p>                <a class=\"christmas-read-more st-btn st--btn-full-width-mobile\" href=\"https:\/\/noel.strasbourg.eu\/espace-telechargement\" target=\"_blank\" rel=\"noopener\"><br \/>\n                  Acc\u00e9dez \u00e0 l&rsquo;espace t\u00e9l\u00e9chargement<br \/>\n                <\/a><\/p>\n","protected":false},"excerpt":{"rendered":"Encore 2 dodos avant l&rsquo;ouverture du march\u00e9 de No\u00ebl 2025 L&rsquo;\u00e9dition 2025 de Strasbourg Capitale de No\u00ebl d\u00e9marre&hellip;\n","protected":false},"author":2,"featured_media":569981,"comment_status":"","ping_status":"","sticky":false,"template":"","format":"standard","meta":{"footnotes":""},"categories":[2820],"tags":[1111,11,1777,674,1011,27,775,12,25,640],"class_list":{"0":"post-569980","1":"post","2":"type-post","3":"status-publish","4":"format-standard","5":"has-post-thumbnail","7":"category-strasbourg","8":"tag-actu","9":"tag-actualites","10":"tag-eu","11":"tag-europe","12":"tag-fr","13":"tag-france","14":"tag-grand-est","15":"tag-news","16":"tag-republique-francaise","17":"tag-strasbourg"},"share_on_mastodon":{"url":"https:\/\/pubeurope.com\/@fr\/115641679995999615","error":""},"_links":{"self":[{"href":"https:\/\/www.europesays.com\/fr\/wp-json\/wp\/v2\/posts\/569980","targetHints":{"allow":["GET"]}}],"collection":[{"href":"https:\/\/www.europesays.com\/fr\/wp-json\/wp\/v2\/posts"}],"about":[{"href":"https:\/\/www.europesays.com\/fr\/wp-json\/wp\/v2\/types\/post"}],"author":[{"embeddable":true,"href":"https:\/\/www.europesays.com\/fr\/wp-json\/wp\/v2\/users\/2"}],"replies":[{"embeddable":true,"href":"https:\/\/www.europesays.com\/fr\/wp-json\/wp\/v2\/comments?post=569980"}],"version-history":[{"count":0,"href":"https:\/\/www.europesays.com\/fr\/wp-json\/wp\/v2\/posts\/569980\/revisions"}],"wp:featuredmedia":[{"embeddable":true,"href":"https:\/\/www.europesays.com\/fr\/wp-json\/wp\/v2\/media\/569981"}],"wp:attachment":[{"href":"https:\/\/www.europesays.com\/fr\/wp-json\/wp\/v2\/media?parent=569980"}],"wp:term":[{"taxonomy":"category","embeddable":true,"href":"https:\/\/www.europesays.com\/fr\/wp-json\/wp\/v2\/categories?post=569980"},{"taxonomy":"post_tag","embeddable":true,"href":"https:\/\/www.europesays.com\/fr\/wp-json\/wp\/v2\/tags?post=569980"}],"curies":[{"name":"wp","href":"https:\/\/api.w.org\/{rel}","templated":true}]}}