{"id":569982,"date":"2025-12-01T01:20:16","date_gmt":"2025-12-01T01:20:16","guid":{"rendered":"https:\/\/www.europesays.com\/fr\/569982\/"},"modified":"2025-12-01T01:20:16","modified_gmt":"2025-12-01T01:20:16","slug":"previsions-du-lundi-1er-decembre-2025-3","status":"publish","type":"post","link":"https:\/\/www.europesays.com\/fr\/569982\/","title":{"rendered":"pr\u00e9visions du lundi 1er d\u00e9cembre 2025"},"content":{"rendered":"<p>Toujours de la grisaille aujourd&rsquo;hui. Les nuages vont s&rsquo;attarder sur Nice. Les valeurs seront de 10\u00b0C au plus bas et de 13\u00b0C au plus haut. En revanche, des \u00e9claircies sont pr\u00e9vues : on passera une matin\u00e9e agr\u00e9able. Les temp\u00e9ratures seront de 12\u00b0C. Un vent de nord-est rafra\u00eechira sensiblement l&rsquo;atmosph\u00e8re. Avec des nuages l&rsquo;apr\u00e8s-midi, le ciel sera encore couvert. Des averses sont pr\u00e9vues et risquent de perturber les balades. Les temp\u00e9ratures afficheront entre 11 et 13\u00b0C. De l\u00e9g\u00e8res averses rendront la soir\u00e9e morose. Il fera 11\u00b0C en moyenne. Le passage de lundi \u00e0 mardi s&rsquo;effectuera sous un ciel pluvieux.<\/p>\n<p>Il va pleuvoir demain \u00e0 Nice. Une diminution du mercure est attendue. Il va faire environ 11\u00b0C. Une petite brise de nord-est sera ressentie par les habitants. Les valeurs seront comprises entre 10\u00b0C et 11\u00b0C dans la matin\u00e9e. Pour demain soir, de la bruine l\u00e9g\u00e8re va tomber sur la ville.<\/p>\n<p>Les jours qui suivent s&rsquo;annoncent similaires. Comptez sur 11\u00b0C en moyenne qui accompagneront des journ\u00e9es pluvieuses.<\/p>\n<p><\/p>\n","protected":false},"excerpt":{"rendered":"Toujours de la grisaille aujourd&rsquo;hui. Les nuages vont s&rsquo;attarder sur Nice. Les valeurs seront de 10\u00b0C au plus&hellip;\n","protected":false},"author":2,"featured_media":569983,"comment_status":"","ping_status":"","sticky":false,"template":"","format":"standard","meta":{"footnotes":""},"categories":[2819],"tags":[1111,11,1777,674,1011,27,12,2401,2119,882,25],"class_list":{"0":"post-569982","1":"post","2":"type-post","3":"status-publish","4":"format-standard","5":"has-post-thumbnail","7":"category-nice","8":"tag-actu","9":"tag-actualites","10":"tag-eu","11":"tag-europe","12":"tag-fr","13":"tag-france","14":"tag-news","15":"tag-nice","16":"tag-previsions-meteo","17":"tag-provence-alpes-cote-dazur","18":"tag-republique-francaise"},"share_on_mastodon":{"url":"https:\/\/pubeurope.com\/@fr\/115641687938342981","error":""},"_links":{"self":[{"href":"https:\/\/www.europesays.com\/fr\/wp-json\/wp\/v2\/posts\/569982","targetHints":{"allow":["GET"]}}],"collection":[{"href":"https:\/\/www.europesays.com\/fr\/wp-json\/wp\/v2\/posts"}],"about":[{"href":"https:\/\/www.europesays.com\/fr\/wp-json\/wp\/v2\/types\/post"}],"author":[{"embeddable":true,"href":"https:\/\/www.europesays.com\/fr\/wp-json\/wp\/v2\/users\/2"}],"replies":[{"embeddable":true,"href":"https:\/\/www.europesays.com\/fr\/wp-json\/wp\/v2\/comments?post=569982"}],"version-history":[{"count":0,"href":"https:\/\/www.europesays.com\/fr\/wp-json\/wp\/v2\/posts\/569982\/revisions"}],"wp:featuredmedia":[{"embeddable":true,"href":"https:\/\/www.europesays.com\/fr\/wp-json\/wp\/v2\/media\/569983"}],"wp:attachment":[{"href":"https:\/\/www.europesays.com\/fr\/wp-json\/wp\/v2\/media?parent=569982"}],"wp:term":[{"taxonomy":"category","embeddable":true,"href":"https:\/\/www.europesays.com\/fr\/wp-json\/wp\/v2\/categories?post=569982"},{"taxonomy":"post_tag","embeddable":true,"href":"https:\/\/www.europesays.com\/fr\/wp-json\/wp\/v2\/tags?post=569982"}],"curies":[{"name":"wp","href":"https:\/\/api.w.org\/{rel}","templated":true}]}}