{"id":569984,"date":"2025-12-01T01:23:49","date_gmt":"2025-12-01T01:23:49","guid":{"rendered":"https:\/\/www.europesays.com\/fr\/569984\/"},"modified":"2025-12-01T01:23:49","modified_gmt":"2025-12-01T01:23:49","slug":"le-ministere-des-affaires-etrangeres-veut-simplifier-les-demarches-de-ses-ressortissants-2","status":"publish","type":"post","link":"https:\/\/www.europesays.com\/fr\/569984\/","title":{"rendered":"Le minist\u00e8re des Affaires \u00e9trang\u00e8res veut simplifier les d\u00e9marches de ses ressortissants"},"content":{"rendered":"<p><strong>\u00ab\u00a0Avec ses 16\u00a0millions d\u2019actes d\u2019\u00e9tat civils, la plus grande \u00ab\u00a0mairie\u00a0\u00bb des Fran\u00e7ais se trouve \u00e0 Nantes\u00a0\u00bb,<\/strong> glisse El\u00e9onore Caroit. La ministre en charge des Fran\u00e7ais de l\u2019\u00e9tranger a fait un saut, ce vendredi 28\u00a0novembre, au \u00ab\u00a0quai d\u2019Orsay nantais\u00a0\u00bb. Nich\u00e9 dans un quartier prioritaire de la cit\u00e9 des ducs, <a href=\"https:\/\/nantes.maville.com\/actu\/actudet_-dans-les-coulisses-d-un-lieu-meconnu-a-nantes-au-service-de-millions-de-francais-dans-le-monde-_8-6709538_actu.Htm\" target=\"_self\" rel=\"noopener\">le minist\u00e8re de l\u2019Europe et des Affaires \u00e9trang\u00e8res<\/a> est une fourmili\u00e8re o\u00f9 350\u00a0agents d\u00e9livrent, chaque jour, des actes de naissance, de mariage et de d\u00e9c\u00e8s pour les expatri\u00e9s.<\/p>\n<p>Ce vendredi matin, \u00c9l\u00e9onore Caroit a assist\u00e9 \u00e0 l\u2019\u00e9closion du premier acte d\u2019\u00e9tat civil \u00e9lectronique transcrit (1), en l\u2019occurrence l\u2019acte de naissance d\u2019une petite fille de nationalit\u00e9 fran\u00e7aise n\u00e9e au Maroc. Lanc\u00e9, depuis 2021, dans un chantier de d\u00e9mat\u00e9rialisation des services consulaires, le minist\u00e8re veut <strong>\u00ab\u00a0simplifier et acc\u00e9l\u00e9rer\u00a0\u00bb<\/strong> les d\u00e9marches de ses plus de trois millions de ressortissants fran\u00e7ais. <strong>\u00ab\u00a0Un enjeu d\u00e9mocratique\u00a0\u00bb<\/strong>, selon la ministre Renaissance. Le co\u00fbt de l\u2019op\u00e9ration\u00a0? 3,8\u00a0millions d\u2019euros, uniquement cette ann\u00e9e, pour d\u00e9mat\u00e9rialiser le service de l\u2019\u00e9tat-civil (12,2\u00a0millions pour le reste). <strong>\u00ab\u00a0On r\u00e9duit nos budgets, mais on continue \u00e0 investir pour rendre service aux Fran\u00e7ais.\u00a0\u00bb<\/strong><\/p>\n<p>\u00ab\u00a0On d\u00e9mat\u00e9rialise mais on garde le contact\u00a0\u00bb<\/p>\n<p>\u00c0 Nantes, le minist\u00e8re abrite, depuis 2021, France consulaire, centre d\u2019appel en charge de r\u00e9pondre aux questions administratives des Fran\u00e7ais de l\u2019\u00e9tranger. Le service, qui re\u00e7oit 2300 coups de fil par jour, couvrira bient\u00f4t tous les pays du monde. <strong>\u00ab\u00a0On d\u00e9mat\u00e9rialise, mais on garde le contact avec nos concitoyens, <\/strong>rassure \u00c9l\u00e9onore Caroit. <strong>C\u2019est important de parler \u00e0 une vraie personne.\u00a0\u00bb<\/strong><\/p>\n<p>Plus besoin, dans certains pays, de se rendre \u00e0 l\u2019ambassade ou au consulat pour renouveler son passeport fran\u00e7ais. En 2024, l\u2019\u00c9tat a exp\u00e9riment\u00e9 la d\u00e9mat\u00e9rialisation pour les compatriotes \u00e9tablis au Canada et au Portugal. Au 1er\u00a0d\u00e9cembre, le test reprend et s\u2019\u00e9tendra durant deux ans aux expatri\u00e9s vivant en Espagne et en Australie.<\/p>\n<p>(1) L\u2019officier de l\u2019\u00e9tat civil consulaire reporte sur les registres fran\u00e7ais un acte \u00e9tabli par une autorit\u00e9 \u00e9trang\u00e8re.<\/p>\n<p>\u00a0<\/p>\n","protected":false},"excerpt":{"rendered":"\u00ab\u00a0Avec ses 16\u00a0millions d\u2019actes d\u2019\u00e9tat civils, la plus grande \u00ab\u00a0mairie\u00a0\u00bb des Fran\u00e7ais se trouve \u00e0 Nantes\u00a0\u00bb, glisse El\u00e9onore&hellip;\n","protected":false},"author":2,"featured_media":565349,"comment_status":"","ping_status":"","sticky":false,"template":"","format":"standard","meta":{"footnotes":""},"categories":[2818],"tags":[1111,11,3694,28123,29131,1777,674,1011,3844,27,17953,766,12,2636,25,34833,68096],"class_list":{"0":"post-569984","1":"post","2":"type-post","3":"status-publish","4":"format-standard","5":"has-post-thumbnail","7":"category-nantes","8":"tag-actu","9":"tag-actualites","10":"tag-affaires","11":"tag-demarches","12":"tag-etrangeres","13":"tag-eu","14":"tag-europe","15":"tag-fr","16":"tag-francais","17":"tag-france","18":"tag-ministere","19":"tag-nantes","20":"tag-news","21":"tag-pays-de-la-loire","22":"tag-republique-francaise","23":"tag-ressortissants","24":"tag-simplifier"},"share_on_mastodon":{"url":"https:\/\/pubeurope.com\/@fr\/115641703683471224","error":""},"_links":{"self":[{"href":"https:\/\/www.europesays.com\/fr\/wp-json\/wp\/v2\/posts\/569984","targetHints":{"allow":["GET"]}}],"collection":[{"href":"https:\/\/www.europesays.com\/fr\/wp-json\/wp\/v2\/posts"}],"about":[{"href":"https:\/\/www.europesays.com\/fr\/wp-json\/wp\/v2\/types\/post"}],"author":[{"embeddable":true,"href":"https:\/\/www.europesays.com\/fr\/wp-json\/wp\/v2\/users\/2"}],"replies":[{"embeddable":true,"href":"https:\/\/www.europesays.com\/fr\/wp-json\/wp\/v2\/comments?post=569984"}],"version-history":[{"count":0,"href":"https:\/\/www.europesays.com\/fr\/wp-json\/wp\/v2\/posts\/569984\/revisions"}],"wp:featuredmedia":[{"embeddable":true,"href":"https:\/\/www.europesays.com\/fr\/wp-json\/wp\/v2\/media\/565349"}],"wp:attachment":[{"href":"https:\/\/www.europesays.com\/fr\/wp-json\/wp\/v2\/media?parent=569984"}],"wp:term":[{"taxonomy":"category","embeddable":true,"href":"https:\/\/www.europesays.com\/fr\/wp-json\/wp\/v2\/categories?post=569984"},{"taxonomy":"post_tag","embeddable":true,"href":"https:\/\/www.europesays.com\/fr\/wp-json\/wp\/v2\/tags?post=569984"}],"curies":[{"name":"wp","href":"https:\/\/api.w.org\/{rel}","templated":true}]}}