{"id":569985,"date":"2025-12-01T01:25:54","date_gmt":"2025-12-01T01:25:54","guid":{"rendered":"https:\/\/www.europesays.com\/fr\/569985\/"},"modified":"2025-12-01T01:25:54","modified_gmt":"2025-12-01T01:25:54","slug":"satriano-apres-ol-nantes-3-0-ca-donne-de-la-confiance","status":"publish","type":"post","link":"https:\/\/www.europesays.com\/fr\/569985\/","title":{"rendered":"Satriano apr\u00e8s OL &#8211; Nantes (3-0) : \u00ab\u00a0\u00c7a donne de la confiance\u00a0\u00bb"},"content":{"rendered":"<p>                            <img width=\"770\" height=\"433\" src=\"https:\/\/www.europesays.com\/fr\/wp-content\/uploads\/2025\/12\/AFP__20251130__86MU3G4__v1__HighRes__FblFraLigue1LyonNantes-770x433.jpg\" class=\"attachment-article size-article wp-post-image\" alt=\"Martin Satriano et Hans Hateboer lors d'OL - Nantes\" decoding=\"async\" fetchpriority=\"high\"  \/><\/p>\n<p>Martin Satriano et Hans Hateboer lors d\u2019OL \u2013 Nantes (Photo by Alex MARTIN \/ AFP)<\/p>\n<p>Muet en Ligue 1 depuis le d\u00e9but de la saison, Martin Satriano \u00e9tait \u00e0 la recherche de ce but qui pouvait tout d\u00e9clencher. Apr\u00e8s le visage ferm\u00e9 \u00e0 Auxerre, l&rsquo;Uruguayen avait le sourire ce dimanche apr\u00e8s la victoire de l&rsquo;OL contre Nantes.<\/p>\n<p><strong>Est-ce que vous \u00eates particuli\u00e8rement heureux et soulag\u00e9 d&rsquo;avoir marqu\u00e9 deux fois ce (dimanche) soir dans la victoire de l&rsquo;OL ?<\/strong><\/p>\n<p><strong>Martin Satriano :<\/strong> Oui, je suis tr\u00e8s content pour la victoire.\u00a0C&rsquo;est l&rsquo;anniversaire de l&rsquo;OL, donc on avait l&rsquo;obligation de gagner.\u00a0Je suis tr\u00e8s content aussi pour les buts.<\/p>\n<p><strong>Vous attendiez \u00e7a depuis longtemps. Vous commenciez \u00e0 vous impatienter ? A \u00eatre un peu tendu ?<\/strong><\/p>\n<p>Oui, ce n&rsquo;est pas facile pour un attaquant de ne pas marquer, mais je pense que je n&rsquo;ai pas arr\u00eat\u00e9 de travailler.\u00a0Et \u00e0 gr\u00e2ce de \u00e7a, j&rsquo;ai r\u00e9ussi \u00e0 marquer ce (dimanche) soir.<\/p>\n<p>\u00ab\u00a0Ce sera plus facile pour la suite\u00a0\u00bb<\/p>\n<p><strong>Avec un retourn\u00e9 acrobatique et un beau but de l&rsquo;ext\u00e9rieur du pied, ce sont deux buts difficiles et magnifiques en plus&#8230; <\/strong><\/p>\n<p>Oui, ce sont de beaux buts.\u00a0Apr\u00e8s, moi, j&rsquo;ai voulu marquer juste un.\u00a0Apr\u00e8s, il est arriv\u00e9 le deuxi\u00e8me avec la confiance. Je suis content aussi pour la victoire.<\/p>\n<p><strong>Marquer deux fois, \u00e7a change beaucoup de choses pour vous ?<\/strong><\/p>\n<p>Oui, \u00e7a donne de la confiance pour la suite.\u00a0J&rsquo;avais la confiance de toute l&rsquo;\u00e9quipe, du coach aussi. Mais je voulais marqu\u00e9 pour leur rendre cette confiance. Ce sera plus facile pour la suite.<\/p>\n<p><strong>Est-ce que vous avez dout\u00e9 un moment ou pas ?<\/strong><\/p>\n<p>Sur moi, non, jamais.\u00a0Je travaille tout le temps et je sais que si tu travailles, apr\u00e8s, les choses arrivent.<\/p>\n<p>\u00ab\u00a0Le coach m&rsquo;a dit de rester tranquille\u00a0\u00bb<\/p>\n<p><strong>Vous avez parl\u00e9 du coach. Il a f\u00eat\u00e9 vos buts comme un supporter. Comment jugez-vous votre relation avec lui ? <\/strong><\/p>\n<p>Je suis tr\u00e8s proche de lui.\u00a0M\u00eame lui m&rsquo;a parl\u00e9 hier.\u00a0Il m&rsquo;a dit qu&rsquo;il \u00e9tait content avec moi, avec tout le travail que j&rsquo;ai fait, de rester tranquille, que le but va arriver.\u00a0Il est arriv\u00e9 ce (dimanche) soir.<\/p>\n<p><strong>Jeudi, justement, il y a eu 6 buts et vous n&rsquo;avez pas marqu\u00e9. C&rsquo;est compliqu\u00e9 \u00e0 vivre ?<\/strong><\/p>\n<p>Oui, c&rsquo;est compliqu\u00e9.\u00a0Mais apr\u00e8s, je dis toujours que j&rsquo;aime avant tout gagner le match.\u00a0Pour moi, le plus important, c&rsquo;est de gagner. On avait gagn\u00e9 6-0.\u00a0Apr\u00e8s, bien s\u00fbr, je voulais marquer.<\/p>\n","protected":false},"excerpt":{"rendered":"Martin Satriano et Hans Hateboer lors d\u2019OL \u2013 Nantes (Photo by Alex MARTIN \/ AFP) Muet en Ligue&hellip;\n","protected":false},"author":2,"featured_media":569986,"comment_status":"","ping_status":"","sticky":false,"template":"","format":"standard","meta":{"footnotes":""},"categories":[2818],"tags":[1111,11,1777,674,1011,27,66,766,12,241,978,2636,25],"class_list":{"0":"post-569985","1":"post","2":"type-post","3":"status-publish","4":"format-standard","5":"has-post-thumbnail","7":"category-nantes","8":"tag-actu","9":"tag-actualites","10":"tag-eu","11":"tag-europe","12":"tag-fr","13":"tag-france","14":"tag-ligue-1","15":"tag-nantes","16":"tag-news","17":"tag-ol","18":"tag-olympique-lyonnais","19":"tag-pays-de-la-loire","20":"tag-republique-francaise"},"share_on_mastodon":{"url":"https:\/\/pubeurope.com\/@fr\/115641712290829522","error":""},"_links":{"self":[{"href":"https:\/\/www.europesays.com\/fr\/wp-json\/wp\/v2\/posts\/569985","targetHints":{"allow":["GET"]}}],"collection":[{"href":"https:\/\/www.europesays.com\/fr\/wp-json\/wp\/v2\/posts"}],"about":[{"href":"https:\/\/www.europesays.com\/fr\/wp-json\/wp\/v2\/types\/post"}],"author":[{"embeddable":true,"href":"https:\/\/www.europesays.com\/fr\/wp-json\/wp\/v2\/users\/2"}],"replies":[{"embeddable":true,"href":"https:\/\/www.europesays.com\/fr\/wp-json\/wp\/v2\/comments?post=569985"}],"version-history":[{"count":0,"href":"https:\/\/www.europesays.com\/fr\/wp-json\/wp\/v2\/posts\/569985\/revisions"}],"wp:featuredmedia":[{"embeddable":true,"href":"https:\/\/www.europesays.com\/fr\/wp-json\/wp\/v2\/media\/569986"}],"wp:attachment":[{"href":"https:\/\/www.europesays.com\/fr\/wp-json\/wp\/v2\/media?parent=569985"}],"wp:term":[{"taxonomy":"category","embeddable":true,"href":"https:\/\/www.europesays.com\/fr\/wp-json\/wp\/v2\/categories?post=569985"},{"taxonomy":"post_tag","embeddable":true,"href":"https:\/\/www.europesays.com\/fr\/wp-json\/wp\/v2\/tags?post=569985"}],"curies":[{"name":"wp","href":"https:\/\/api.w.org\/{rel}","templated":true}]}}