{"id":569993,"date":"2025-12-01T01:30:16","date_gmt":"2025-12-01T01:30:16","guid":{"rendered":"https:\/\/www.europesays.com\/fr\/569993\/"},"modified":"2025-12-01T01:30:16","modified_gmt":"2025-12-01T01:30:16","slug":"previsions-du-lundi-1er-decembre-2025-5","status":"publish","type":"post","link":"https:\/\/www.europesays.com\/fr\/569993\/","title":{"rendered":"pr\u00e9visions du lundi 1er d\u00e9cembre 2025"},"content":{"rendered":"<p>\u00c0 Toulouse les valeurs afficheront entre 3 et 9\u00b0C durant la journ\u00e9e. Le ciel sera assez lumineux, avec quelques \u00e9claircies le matin. Les temp\u00e9ratures s&rsquo;\u00e9chelonneront de 3 \u00e0 7\u00b0C. Un vent de sud-est soufflera doucement. L&rsquo;apr\u00e8s-midi, les Toulousains vont pouvoir b\u00e9n\u00e9ficier d&rsquo;un soleil radieux. Les maximales iront jusqu&rsquo;\u00e0 9\u00b0C et les minimales seront de 6\u00b0C. Apr\u00e8s un passage nuageux, la m\u00e9t\u00e9o devrait s&rsquo;am\u00e9liorer pendant la soir\u00e9e. Les valeurs tourneront autour des 5\u00b0C. Une nuit claire vous attendra entre lundi et mardi.<\/p>\n<p>Demain, des nuages se montreront sur Toulouse. Mauvais temps : on pr\u00e9voit des pluies \u00e9parses. C&rsquo;est une hausse de quelques degr\u00e9s que vont enregistrer les temp\u00e9ratures. Ces valeurs seront comprises entre 4 et 9\u00b0C. Une modeste brise de sud-est sera ressentie par les habitants. Les Toulousains vont avoir froid le matin : les temp\u00e9ratures ne vont pas d\u00e9passer 8\u00b0C. Les valeurs s&rsquo;\u00e9chelonneront entre 5 et 8\u00b0C. L&rsquo;apr\u00e8s-midi va rester gris \u00e0 cause de nuages qui se maintiennent dans le ciel. Les temp\u00e9ratures afficheront entre 7\u00b0C et 9\u00b0C. De la bruine est pr\u00e9vue dans la soir\u00e9e. Les temp\u00e9ratures seront de 6\u00b0C.<\/p>\n<p>Les conditions m\u00e9t\u00e9orologiques des journ\u00e9es suivantes vont changer progressivement. Apr\u00e8s un temps similaire mercredi, la situation changera jeudi.<\/p>\n<p><\/p>\n","protected":false},"excerpt":{"rendered":"\u00c0 Toulouse les valeurs afficheront entre 3 et 9\u00b0C durant la journ\u00e9e. Le ciel sera assez lumineux, avec&hellip;\n","protected":false},"author":2,"featured_media":569994,"comment_status":"","ping_status":"","sticky":false,"template":"","format":"standard","meta":{"footnotes":""},"categories":[2816],"tags":[1111,11,1777,674,1011,27,12,2680,2119,25,2312],"class_list":{"0":"post-569993","1":"post","2":"type-post","3":"status-publish","4":"format-standard","5":"has-post-thumbnail","7":"category-toulouse","8":"tag-actu","9":"tag-actualites","10":"tag-eu","11":"tag-europe","12":"tag-fr","13":"tag-france","14":"tag-news","15":"tag-occitanie","16":"tag-previsions-meteo","17":"tag-republique-francaise","18":"tag-toulouse"},"share_on_mastodon":{"url":"https:\/\/pubeurope.com\/@fr\/115641727300472468","error":""},"_links":{"self":[{"href":"https:\/\/www.europesays.com\/fr\/wp-json\/wp\/v2\/posts\/569993","targetHints":{"allow":["GET"]}}],"collection":[{"href":"https:\/\/www.europesays.com\/fr\/wp-json\/wp\/v2\/posts"}],"about":[{"href":"https:\/\/www.europesays.com\/fr\/wp-json\/wp\/v2\/types\/post"}],"author":[{"embeddable":true,"href":"https:\/\/www.europesays.com\/fr\/wp-json\/wp\/v2\/users\/2"}],"replies":[{"embeddable":true,"href":"https:\/\/www.europesays.com\/fr\/wp-json\/wp\/v2\/comments?post=569993"}],"version-history":[{"count":0,"href":"https:\/\/www.europesays.com\/fr\/wp-json\/wp\/v2\/posts\/569993\/revisions"}],"wp:featuredmedia":[{"embeddable":true,"href":"https:\/\/www.europesays.com\/fr\/wp-json\/wp\/v2\/media\/569994"}],"wp:attachment":[{"href":"https:\/\/www.europesays.com\/fr\/wp-json\/wp\/v2\/media?parent=569993"}],"wp:term":[{"taxonomy":"category","embeddable":true,"href":"https:\/\/www.europesays.com\/fr\/wp-json\/wp\/v2\/categories?post=569993"},{"taxonomy":"post_tag","embeddable":true,"href":"https:\/\/www.europesays.com\/fr\/wp-json\/wp\/v2\/tags?post=569993"}],"curies":[{"name":"wp","href":"https:\/\/api.w.org\/{rel}","templated":true}]}}