{"id":569995,"date":"2025-12-01T01:31:14","date_gmt":"2025-12-01T01:31:14","guid":{"rendered":"https:\/\/www.europesays.com\/fr\/569995\/"},"modified":"2025-12-01T01:31:14","modified_gmt":"2025-12-01T01:31:14","slug":"parcours-expositions-le-fresnoy-studio-national-centre-regional-de-la-photographie-a-tourcoing-le-samedi-6-decembre-2025","status":"publish","type":"post","link":"https:\/\/www.europesays.com\/fr\/569995\/","title":{"rendered":"PARCOURS EXPOSITIONS Le Fresnoy &#8211; Studio national \/ Centre r\u00e9gional de la photographie \u00e0 Tourcoing le samedi 6 d\u00e9cembre 2025"},"content":{"rendered":"<p>  09h30 &gt; D\u00e9part de la navette \u00e0 Lille Europe, direction Le Fresnoy (arriv\u00e9e 10h)<\/p>\n<p>Au Fresnoy \u2013 Studio national des arts contemporains, Tourcoing :<br \/>10h : Visite de l\u2019exposition Panorama 27<br \/>11h : Rencontre avec l\u2019artiste Miguel Abad Manning et projection de son film Salistratum<br \/>12h : D\u00e9part de la navette, direction le CRP (arriv\u00e9e 13h)<\/p>\n<p>Au CRP\/ Centre r\u00e9gional de la photographie Hauts-de-France, Douchy-les-Mines :<br \/>13h : D\u00e9jeuner offert<br \/>14h30 : Visite de l\u2019exposition Soleils mineurs et rencontre avec l\u2019artiste Lucien Bitaux<br \/>16h : D\u00e9part de la navette, direction Lille (arriv\u00e9e 17h)<br \/>17h : d\u00e9part de la navette, direction Tourcoing (arriv\u00e9e 17h30)<\/p>\n<p>5\u20ac par participant\u00b7es \/ Inscription sur crp.photo<\/p>\n","protected":false},"excerpt":{"rendered":"09h30 &gt; D\u00e9part de la navette \u00e0 Lille Europe, direction Le Fresnoy (arriv\u00e9e 10h) Au Fresnoy \u2013 Studio&hellip;\n","protected":false},"author":2,"featured_media":569996,"comment_status":"","ping_status":"","sticky":false,"template":"","format":"standard","meta":{"footnotes":""},"categories":[2815],"tags":[1111,11,1777,674,1011,27,811,1307,12,25],"class_list":{"0":"post-569995","1":"post","2":"type-post","3":"status-publish","4":"format-standard","5":"has-post-thumbnail","7":"category-lille","8":"tag-actu","9":"tag-actualites","10":"tag-eu","11":"tag-europe","12":"tag-fr","13":"tag-france","14":"tag-hauts-de-france","15":"tag-lille","16":"tag-news","17":"tag-republique-francaise"},"share_on_mastodon":{"url":"https:\/\/pubeurope.com\/@fr\/115641731177171612","error":""},"_links":{"self":[{"href":"https:\/\/www.europesays.com\/fr\/wp-json\/wp\/v2\/posts\/569995","targetHints":{"allow":["GET"]}}],"collection":[{"href":"https:\/\/www.europesays.com\/fr\/wp-json\/wp\/v2\/posts"}],"about":[{"href":"https:\/\/www.europesays.com\/fr\/wp-json\/wp\/v2\/types\/post"}],"author":[{"embeddable":true,"href":"https:\/\/www.europesays.com\/fr\/wp-json\/wp\/v2\/users\/2"}],"replies":[{"embeddable":true,"href":"https:\/\/www.europesays.com\/fr\/wp-json\/wp\/v2\/comments?post=569995"}],"version-history":[{"count":0,"href":"https:\/\/www.europesays.com\/fr\/wp-json\/wp\/v2\/posts\/569995\/revisions"}],"wp:featuredmedia":[{"embeddable":true,"href":"https:\/\/www.europesays.com\/fr\/wp-json\/wp\/v2\/media\/569996"}],"wp:attachment":[{"href":"https:\/\/www.europesays.com\/fr\/wp-json\/wp\/v2\/media?parent=569995"}],"wp:term":[{"taxonomy":"category","embeddable":true,"href":"https:\/\/www.europesays.com\/fr\/wp-json\/wp\/v2\/categories?post=569995"},{"taxonomy":"post_tag","embeddable":true,"href":"https:\/\/www.europesays.com\/fr\/wp-json\/wp\/v2\/tags?post=569995"}],"curies":[{"name":"wp","href":"https:\/\/api.w.org\/{rel}","templated":true}]}}