{"id":570001,"date":"2025-12-01T01:36:16","date_gmt":"2025-12-01T01:36:16","guid":{"rendered":"https:\/\/www.europesays.com\/fr\/570001\/"},"modified":"2025-12-01T01:36:16","modified_gmt":"2025-12-01T01:36:16","slug":"previsions-du-lundi-1er-decembre-2025-6","status":"publish","type":"post","link":"https:\/\/www.europesays.com\/fr\/570001\/","title":{"rendered":"pr\u00e9visions du lundi 1er d\u00e9cembre 2025"},"content":{"rendered":"<p>Le soleil se fera attendre aujourd&rsquo;hui sur Marseille, o\u00f9 des nuages sont bien install\u00e9s. Les temp\u00e9ratures tourneront autour des 11\u00b0C. Le matin, on verra l&rsquo;apparition de petits nuages. Il fera 11\u00b0C en moyenne. Une brise de nord soufflera doucement. Toujours de la grisaille l&rsquo;apr\u00e8s-midi. Les nuages vont s&rsquo;attarder. Intemp\u00e9ries : on annonce des pluies \u00e9parses. Les maximales iront jusqu&rsquo;\u00e0 13\u00b0C et les minimales seront de 12\u00b0C. Le soir, du mauvais temps est \u00e0 pr\u00e9voir. Des pluies \u00e9parses vont tomber. On passera de lundi \u00e0 mardi par une nuit pluvieuse.<\/p>\n<p>Demain, c&rsquo;est une hausse de quelques degr\u00e9s que vont conna\u00eetre les temp\u00e9ratures dans la ville de Marseille. Les valeurs seront comprises entre 11 et 13\u00b0C. Un l\u00e9ger vent de sud-est sera ressenti par les habitants. Le soleil peinera \u00e0 percer au milieu des nuages qui perdureront dans la matin\u00e9e. Des pluies \u00e9parses tomberont. Les temp\u00e9ratures afficheront entre 11\u00b0C et 12\u00b0C. Des averses arriveront demain apr\u00e8s-midi. Les valeurs s&rsquo;\u00e9chelonneront entre 12 et 13\u00b0C. De petites averses rythmeront cette soir\u00e9e.<\/p>\n<p>Le temps restera inchang\u00e9 les jours \u00e0 venir. Comptez sur 12\u00b0C en moyenne qui accompagneront des journ\u00e9es pluvieuses.<\/p>\n<p><\/p>\n","protected":false},"excerpt":{"rendered":"Le soleil se fera attendre aujourd&rsquo;hui sur Marseille, o\u00f9 des nuages sont bien install\u00e9s. Les temp\u00e9ratures tourneront autour&hellip;\n","protected":false},"author":2,"featured_media":570002,"comment_status":"","ping_status":"","sticky":false,"template":"","format":"standard","meta":{"footnotes":""},"categories":[2814],"tags":[1111,11,1777,674,1011,27,884,12,2119,882,25],"class_list":{"0":"post-570001","1":"post","2":"type-post","3":"status-publish","4":"format-standard","5":"has-post-thumbnail","7":"category-marseille","8":"tag-actu","9":"tag-actualites","10":"tag-eu","11":"tag-europe","12":"tag-fr","13":"tag-france","14":"tag-marseille","15":"tag-news","16":"tag-previsions-meteo","17":"tag-provence-alpes-cote-dazur","18":"tag-republique-francaise"},"share_on_mastodon":{"url":"https:\/\/pubeurope.com\/@fr\/115641750901872263","error":""},"_links":{"self":[{"href":"https:\/\/www.europesays.com\/fr\/wp-json\/wp\/v2\/posts\/570001","targetHints":{"allow":["GET"]}}],"collection":[{"href":"https:\/\/www.europesays.com\/fr\/wp-json\/wp\/v2\/posts"}],"about":[{"href":"https:\/\/www.europesays.com\/fr\/wp-json\/wp\/v2\/types\/post"}],"author":[{"embeddable":true,"href":"https:\/\/www.europesays.com\/fr\/wp-json\/wp\/v2\/users\/2"}],"replies":[{"embeddable":true,"href":"https:\/\/www.europesays.com\/fr\/wp-json\/wp\/v2\/comments?post=570001"}],"version-history":[{"count":0,"href":"https:\/\/www.europesays.com\/fr\/wp-json\/wp\/v2\/posts\/570001\/revisions"}],"wp:featuredmedia":[{"embeddable":true,"href":"https:\/\/www.europesays.com\/fr\/wp-json\/wp\/v2\/media\/570002"}],"wp:attachment":[{"href":"https:\/\/www.europesays.com\/fr\/wp-json\/wp\/v2\/media?parent=570001"}],"wp:term":[{"taxonomy":"category","embeddable":true,"href":"https:\/\/www.europesays.com\/fr\/wp-json\/wp\/v2\/categories?post=570001"},{"taxonomy":"post_tag","embeddable":true,"href":"https:\/\/www.europesays.com\/fr\/wp-json\/wp\/v2\/tags?post=570001"}],"curies":[{"name":"wp","href":"https:\/\/api.w.org\/{rel}","templated":true}]}}