{"id":570003,"date":"2025-12-01T01:37:14","date_gmt":"2025-12-01T01:37:14","guid":{"rendered":"https:\/\/www.europesays.com\/fr\/570003\/"},"modified":"2025-12-01T01:37:14","modified_gmt":"2025-12-01T01:37:14","slug":"figure-de-la-patisserie-francaise-et-lyonnaise-gabriel-paillasson-est-mort","status":"publish","type":"post","link":"https:\/\/www.europesays.com\/fr\/570003\/","title":{"rendered":"Figure de la p\u00e2tisserie fran\u00e7aise et lyonnaise, Gabriel Paillasson est mort"},"content":{"rendered":"<p itemprop=\"description\"><strong>Gabriel Paillasson, figure de la p\u00e2tisserie fran\u00e7aise, s&rsquo;est \u00e9teint \u00e0 l&rsquo;\u00e2ge de 79 ans.<\/strong><\/p>\n<p>Grand ami de Paul Bocuse, il avait fond\u00e9 la Coupe du monde de p\u00e2tisserie, qui se d\u00e9roule tous les deux ans au Sirha \u00e0 Lyon.<\/p>\n<p>N\u00e9 dans la Loire, \u00ab\u00a0Gaby\u00a0\u00bb Paillasson avait ouvert la p\u00e2tisserie \u00ab\u00a0Maison Paillasson\u00a0\u00bb \u00e0 Saint-Fons. Etablissement qui a fait sa renomm\u00e9e et qu&rsquo;il avait ferm\u00e9 en 2018 pour prendre sa retraite \u00e0 Villars-les-Dombes.<\/p>\n<p>Meilleur Ouvrier de France en 1972 dans la cat\u00e9gorie p\u00e2tissier puis en 1976 dans la cat\u00e9gorie glacier, il \u00e9tait aussi officier de la L\u00e9gion d&rsquo;honneur. Sans oublier les nombreuses m\u00e9dailles glan\u00e9es durant sa carri\u00e8re.<\/p>\n<p>Gabriel Paillasson avait fait de la transmission son leitmotiv. Son fils mais aussi de nombreux apprentis ont appris les ficelles de la p\u00e2tisserie \u00e0 ses c\u00f4t\u00e9s.<\/p>\n","protected":false},"excerpt":{"rendered":"Gabriel Paillasson, figure de la p\u00e2tisserie fran\u00e7aise, s&rsquo;est \u00e9teint \u00e0 l&rsquo;\u00e2ge de 79 ans. Grand ami de Paul&hellip;\n","protected":false},"author":2,"featured_media":570004,"comment_status":"","ping_status":"","sticky":false,"template":"","format":"standard","meta":{"footnotes":""},"categories":[1889],"tags":[1111,11,2813,2190,2430,1109,251,1112,2811,1777,674,118,1011,27,1922,1110,1114,2428,2810,12,241,316,25,2812,517,800],"class_list":{"0":"post-570003","1":"post","2":"type-post","3":"status-publish","4":"format-standard","5":"has-post-thumbnail","7":"category-lyon","8":"tag-actu","9":"tag-actualites","10":"tag-article","11":"tag-asvel","12":"tag-auvergne-rhone-alpes","13":"tag-breves","14":"tag-culture","15":"tag-depeches","16":"tag-economique","17":"tag-eu","18":"tag-europe","19":"tag-faits-divers","20":"tag-fr","21":"tag-france","22":"tag-info","23":"tag-informations","24":"tag-infos","25":"tag-lyon","26":"tag-lyonmag","27":"tag-news","28":"tag-ol","29":"tag-politique","30":"tag-republique-francaise","31":"tag-sociale","32":"tag-sport","33":"tag-transports"},"share_on_mastodon":{"url":"https:\/\/pubeurope.com\/@fr\/115641754895467376","error":""},"_links":{"self":[{"href":"https:\/\/www.europesays.com\/fr\/wp-json\/wp\/v2\/posts\/570003","targetHints":{"allow":["GET"]}}],"collection":[{"href":"https:\/\/www.europesays.com\/fr\/wp-json\/wp\/v2\/posts"}],"about":[{"href":"https:\/\/www.europesays.com\/fr\/wp-json\/wp\/v2\/types\/post"}],"author":[{"embeddable":true,"href":"https:\/\/www.europesays.com\/fr\/wp-json\/wp\/v2\/users\/2"}],"replies":[{"embeddable":true,"href":"https:\/\/www.europesays.com\/fr\/wp-json\/wp\/v2\/comments?post=570003"}],"version-history":[{"count":0,"href":"https:\/\/www.europesays.com\/fr\/wp-json\/wp\/v2\/posts\/570003\/revisions"}],"wp:featuredmedia":[{"embeddable":true,"href":"https:\/\/www.europesays.com\/fr\/wp-json\/wp\/v2\/media\/570004"}],"wp:attachment":[{"href":"https:\/\/www.europesays.com\/fr\/wp-json\/wp\/v2\/media?parent=570003"}],"wp:term":[{"taxonomy":"category","embeddable":true,"href":"https:\/\/www.europesays.com\/fr\/wp-json\/wp\/v2\/categories?post=570003"},{"taxonomy":"post_tag","embeddable":true,"href":"https:\/\/www.europesays.com\/fr\/wp-json\/wp\/v2\/tags?post=570003"}],"curies":[{"name":"wp","href":"https:\/\/api.w.org\/{rel}","templated":true}]}}