{"id":570006,"date":"2025-12-01T01:40:19","date_gmt":"2025-12-01T01:40:19","guid":{"rendered":"https:\/\/www.europesays.com\/fr\/570006\/"},"modified":"2025-12-01T01:40:19","modified_gmt":"2025-12-01T01:40:19","slug":"a-1h-de-paris-ce-village-medieval-accueille-lun-des-marches-de-noel-les-plus-authentiques-dile-de-france","status":"publish","type":"post","link":"https:\/\/www.europesays.com\/fr\/570006\/","title":{"rendered":"\u00c0 1h de Paris, ce village m\u00e9di\u00e9val accueille l\u2019un des march\u00e9s de No\u00ebl les plus authentiques d\u2019\u00cele-de-France"},"content":{"rendered":"<p>\u00c0 l\u2019heure o\u00f9 les grands march\u00e9s de No\u00ebl s\u2019installent sur les<br \/>\nplaces de Paris, un autre rendez-vous, beaucoup plus discret,<br \/>\nattire chaque ann\u00e9e des dizaines de milliers de visiteurs en qu\u00eate<br \/>\nd\u2019une ambiance plus authentique. Nich\u00e9 au milieu des champs, au<br \/>\nbout de petites routes de campagne, un minuscule village m\u00e9di\u00e9val<br \/>\nd\u2019Essonne se transforme, deux week-ends par an, en un d\u00e9cor digne<br \/>\nd\u2019un conte.<\/p>\n<p>Ce village, c\u2019est Janvry, un hameau de un peu plus de 600<br \/>\nhabitants au c\u0153ur de la vall\u00e9e de Chevreuse, \u00e0 seulement 28<br \/>\nkilom\u00e8tres de la capitale. Pour le <strong>march\u00e9 de No\u00ebl de Janvry<br \/>\n2025<\/strong>, ses ruelles se couvrent de chalets, de guirlandes et<br \/>\nde stands artisanaux, avec pr\u00e8s de 130 exposants et des produits<br \/>\nannonc\u00e9s 100 % fran\u00e7ais. Labellis\u00e9 par TF1 et ador\u00e9 des familles<br \/>\npour ses cr\u00e8ches venues du monde entier, son P\u00e8re No\u00ebl<br \/>\nspectaculaire et son ambiance \u00e9coresponsable, le village a acquis<br \/>\nune vraie r\u00e9putation. Et ce n\u2019est qu\u2019un d\u00e9but.<\/p>\n<p>\u00c0 Janvry, un march\u00e9 de No\u00ebl 2025 hors norme dans un village<br \/>\nm\u00e9di\u00e9val<\/p>\n<p>Au c\u0153ur du Parc naturel r\u00e9gional de la Haute Vall\u00e9e de<br \/>\nChevreuse, Janvry ne compte qu\u2019un peu plus de 600 habitants, mais<br \/>\nre\u00e7oit entre 70 000 et 80 000 visiteurs pendant son march\u00e9 de No\u00ebl.<br \/>\nPour l\u2019\u00e9dition 2025, le village ouvre son march\u00e9 du vendredi 28 au<br \/>\ndimanche 30 novembre, puis du vendredi 5 au dimanche 7 d\u00e9cembre. Le<br \/>\npremier vendredi, les portes s\u2019ouvrent de 12 h \u00e0 20 h, puis de 10 h<br \/>\n\u00e0 19 h le samedi et le dimanche, des horaires reconduits le<br \/>\nweek-end suivant. De jour comme de nuit, les d\u00e9corations<br \/>\ntransforment ce bourg m\u00e9di\u00e9val en v\u00e9ritable \u00e9crin de f\u00eate.<\/p>\n<p>Cette 28e \u00e9dition du <strong>village de No\u00ebl de Janvry<\/strong><br \/>\nest orchestr\u00e9e par le Comit\u00e9 des F\u00eates et une quarantaine de<br \/>\nb\u00e9n\u00e9voles mobilis\u00e9s pendant des mois. Sapins r\u00e9cup\u00e9r\u00e9s aupr\u00e8s des<br \/>\nhabitants, d\u00e9cors fabriqu\u00e9s maison et granges transform\u00e9es donnent<br \/>\n\u00e0 l\u2019ensemble un c\u00f4t\u00e9 \u00e9coresponsable qui avait d\u00e9j\u00e0 s\u00e9duit TF1. En<br \/>\n2018, le village a \u00e9t\u00e9 sacr\u00e9 \u00ab\u00a0Merveilleux village de No\u00ebl\u00a0\u00bb<br \/>\net a repr\u00e9sent\u00e9 l\u2019\u00cele-de-France dans l\u2019\u00e9mission \u00ab\u00a0Le Village<br \/>\npr\u00e9f\u00e9r\u00e9 des Fran\u00e7ais\u00a0\u00bb.<\/p>\n<p>\u00ab\u00a0En arrivant sur place, Val\u00e9rie Damidot, Laurent Mariotte et<br \/>\nmoi-m\u00eame ne savions pas \u00e0 quoi nous attendre\u00a0\u00bb, a racont\u00e9 la<br \/>\npr\u00e9sentatrice Tatiana Silva au journal Le Parisien, avant de<br \/>\npr\u00e9ciser : \u00ab\u00a0Jean-Pierre Pernaut, qui choisit les communes<br \/>\ncandidates, nous avait seulement parl\u00e9 de l\u2019aspect \u00e9coresponsable<br \/>\nde la d\u00e9coration du march\u00e9 de No\u00ebl, et du dynamisme du maire et des<br \/>\nb\u00e9n\u00e9voles.\u00a0\u00bb Elle r\u00e9sumait l\u2019esprit du lieu d\u2019une formule rest\u00e9e<br \/>\nc\u00e9l\u00e8bre : \u00ab\u00a0No\u00ebl est devenu une f\u00eate commerciale, et \u00e0 Janvry, nous<br \/>\n\u00e9tions aux antipodes de cela. La chaleur humaine et le partage<br \/>\n\u00e9taient \u00e0 l&rsquo;honneur.\u00a0\u00bb<\/p>\n<p>Artisans, made in France et magie de No\u00ebl au march\u00e9 de<br \/>\nJanvry<\/p>\n<p>Au fil des \u00e9ditions, le <strong>march\u00e9 de No\u00ebl de<br \/>\nJanvry<\/strong> s\u2019est impos\u00e9 comme un rendez-vous pour les amateurs<br \/>\nd\u2019artisanat et de produits du terroir. Les organisateurs annoncent<br \/>\nenviron \u00ab\u00a0130 exposants qui vous feront d\u00e9couvrir leurs<br \/>\nsp\u00e9cialit\u00e9s\u00a0\u00bb, entre cr\u00e9ateurs de bijoux, objets en bois,<br \/>\nd\u00e9corations cousues main, confitures, \u00e9pices, vins ou chocolats.<br \/>\nLes stands investissent tout le centre du village et m\u00eame certaines<br \/>\ngranges, avec un accent revendiqu\u00e9 sur le made in France et des<br \/>\npi\u00e8ces loin de la production de masse. Ici, pour reprendre leurs<br \/>\nmots, \u00ab\u00a0tout y est pour passer un excellent moment !\u00a0\u00bb<\/p>\n<p>Dans l\u2019\u00e9glise, les visiteurs d\u00e9couvrent \u00ab\u00a0une exposition<br \/>\nexceptionnelle et gratuite de plusieurs cr\u00e8ches venues des quatre<br \/>\ncoins du monde\u00a0\u00bb, transformant ce monument en mus\u00e9e \u00e9ph\u00e9m\u00e8re des<br \/>\ntraditions de No\u00ebl. \u00c0 c\u00f4t\u00e9 de cette partie contemplative, l\u2019offre<br \/>\ngourmande occupe une place de choix : tartiflette XXL, aligot,<br \/>\nmarrons grill\u00e9s, vin chaud, chocolat fumant, sans oublier cr\u00eapes et<br \/>\ngaufres. Les prix restent accessibles, ce qui permet de s\u2019offrir<br \/>\nune vraie pause doudou entre deux emplettes. Le soir, les d\u00e9fil\u00e9s<br \/>\nlumineux et les automates anim\u00e9s renforcent cette impression de<br \/>\nvillage enti\u00e8rement d\u00e9di\u00e9 \u00e0 la f\u00eate.<\/p>\n<p>Pr\u00e8s de Paris, comment profiter du<br \/>\nmarch\u00e9 de No\u00ebl de Janvry 2025 en famille<\/p>\n<p>Les familles trouvent \u00e0 Janvry un terrain de jeu id\u00e9al. Le<br \/>\nmoment le plus attendu reste l\u2019arriv\u00e9e du P\u00e8re No\u00ebl, qui chaque<br \/>\nann\u00e9e surprend les visiteurs avec une mise en sc\u00e8ne diff\u00e9rente,<br \/>\ninstall\u00e9 sur \u00ab\u00a0son tra\u00eeneau lumineux\u00a0\u00bb au milieu des effets de<br \/>\nlumi\u00e8re. Les enfants peuvent ensuite grimper dans l\u2019un des deux<br \/>\npetits trains gratuits qui circulent dans le village et m\u00e8nent<br \/>\njusqu\u2019au parc animalier, lui aussi en acc\u00e8s libre, avant de faire<br \/>\nun tour de man\u00e8ge. Entre deux attractions, beaucoup prennent le<br \/>\ntemps d\u2019admirer les automates ou de rep\u00e9rer, dans les cr\u00e8ches de<br \/>\nl\u2019\u00e9glise, celle qui leur pla\u00eet le plus.<\/p>\n<p>Situ\u00e9 \u00e0 environ 28 kilom\u00e8tres au sud-ouest de Paris, dans<br \/>\nl\u2019Essonne, le village se rejoint facilement en voiture depuis la<br \/>\ncapitale. L\u2019acc\u00e8s au march\u00e9 est gratuit, tout comme plusieurs<br \/>\nanimations, ce qui en fait une alternative appr\u00e9ci\u00e9e aux grands<br \/>\nmarch\u00e9s de la capitale, de la D\u00e9fense aux Tuileries. Les<br \/>\ninformations pratiques mettent en avant l\u2019int\u00e9r\u00eat de venir le<br \/>\nmatin, ou en horaires un peu d\u00e9cal\u00e9s, pour \u00e9viter la foule et<br \/>\nprofiter des lumi\u00e8res sans bousculade. Une fois sur place, il ne<br \/>\nreste plus qu\u2019\u00e0 fl\u00e2ner entre les chalets, un gobelet de vin chaud \u00e0<br \/>\nla main, pendant que les enfants suivent les trains et man\u00e8ges du<br \/>\nregard.<\/p>\n","protected":false},"excerpt":{"rendered":"\u00c0 l\u2019heure o\u00f9 les grands march\u00e9s de No\u00ebl s\u2019installent sur les places de Paris, un autre rendez-vous, beaucoup&hellip;\n","protected":false},"author":2,"featured_media":570007,"comment_status":"","ping_status":"","sticky":false,"template":"","format":"standard","meta":{"footnotes":""},"categories":[1592],"tags":[1111,11,1777,674,1011,27,662,12,15830,626,25,65861],"class_list":{"0":"post-570006","1":"post","2":"type-post","3":"status-publish","4":"format-standard","5":"has-post-thumbnail","7":"category-ile-de-france","8":"tag-actu","9":"tag-actualites","10":"tag-eu","11":"tag-europe","12":"tag-fr","13":"tag-france","14":"tag-ile-de-france","15":"tag-news","16":"tag-noel","17":"tag-paris","18":"tag-republique-francaise","19":"tag-trend"},"share_on_mastodon":{"url":"https:\/\/pubeurope.com\/@fr\/115641766712533923","error":""},"_links":{"self":[{"href":"https:\/\/www.europesays.com\/fr\/wp-json\/wp\/v2\/posts\/570006","targetHints":{"allow":["GET"]}}],"collection":[{"href":"https:\/\/www.europesays.com\/fr\/wp-json\/wp\/v2\/posts"}],"about":[{"href":"https:\/\/www.europesays.com\/fr\/wp-json\/wp\/v2\/types\/post"}],"author":[{"embeddable":true,"href":"https:\/\/www.europesays.com\/fr\/wp-json\/wp\/v2\/users\/2"}],"replies":[{"embeddable":true,"href":"https:\/\/www.europesays.com\/fr\/wp-json\/wp\/v2\/comments?post=570006"}],"version-history":[{"count":0,"href":"https:\/\/www.europesays.com\/fr\/wp-json\/wp\/v2\/posts\/570006\/revisions"}],"wp:featuredmedia":[{"embeddable":true,"href":"https:\/\/www.europesays.com\/fr\/wp-json\/wp\/v2\/media\/570007"}],"wp:attachment":[{"href":"https:\/\/www.europesays.com\/fr\/wp-json\/wp\/v2\/media?parent=570006"}],"wp:term":[{"taxonomy":"category","embeddable":true,"href":"https:\/\/www.europesays.com\/fr\/wp-json\/wp\/v2\/categories?post=570006"},{"taxonomy":"post_tag","embeddable":true,"href":"https:\/\/www.europesays.com\/fr\/wp-json\/wp\/v2\/tags?post=570006"}],"curies":[{"name":"wp","href":"https:\/\/api.w.org\/{rel}","templated":true}]}}