{"id":570008,"date":"2025-12-01T01:41:14","date_gmt":"2025-12-01T01:41:14","guid":{"rendered":"https:\/\/www.europesays.com\/fr\/570008\/"},"modified":"2025-12-01T01:41:14","modified_gmt":"2025-12-01T01:41:14","slug":"le-niger-va-mettre-son-uranium-sur-le-marche-international-actant-definitivement-la-rupture-avec-le-groupe-francais-orano","status":"publish","type":"post","link":"https:\/\/www.europesays.com\/fr\/570008\/","title":{"rendered":"Le Niger va mettre son uranium sur le march\u00e9 international, actant d\u00e9finitivement la rupture avec le groupe fran\u00e7ais Orano"},"content":{"rendered":"<p>                      <img loading=\"lazy\" decoding=\"async\" src=\"https:\/\/www.europesays.com\/fr\/wp-content\/uploads\/2025\/12\/1231c0f_1715671977283-2016-10-03t120000z-865060418-s1beueugqbaa-rtrmadp-3-uranium-nuclearpower.JPG\" alt=\"La mine d\u2019uranium \u00e0 ciel ouvert de Tamgak sur le site de la Soma\u00efr, \u00e0 Arlit, au Niger, le 25\u00a0septembre\u00a02013.\"   width=\"664\" height=\"443\"\/>    La mine d\u2019uranium \u00e0 ciel ouvert de Tamgak sur le site de la Soma\u00efr, \u00e0 Arlit, au Niger, le 25\u00a0septembre\u00a02013.  JOE PENNEY \/ REUTERS                        <\/p>\n<p class=\"article__paragraph  \">Le r\u00e9gime militaire du Niger a annonc\u00e9 dimanche 30\u00a0novembre au soir mettre sur le march\u00e9 international l\u2019uranium produit par la Soma\u00efr, filiale du g\u00e9ant fran\u00e7ais Orano nationalis\u00e9e par Niamey en juin. La Soma\u00efr, Soci\u00e9t\u00e9 des mines de l\u2019A\u00efr, \u00e9tait d\u00e9tenue \u00e0 63,4\u00a0% par Orano et \u00e0 36,6\u00a0% par l\u2019Etat du Niger. Orano en a perdu le contr\u00f4le op\u00e9rationnel.<\/p>\n<p class=\"article__paragraph  \">L\u2019exploitation de l\u2019uranium au Niger est au centre d\u2019un bras de fer entre la junte, au pouvoir depuis un coup d\u2019Etat perp\u00e9tr\u00e9 en juillet\u00a02023, et le groupe Orano. Un dossier qui illustre les tensions entre l\u2019ex-puissance coloniale fran\u00e7aise et les militaires nig\u00e9riens. Ces derniers ne cachent pas leur volont\u00e9 de se tourner vers de nouveaux partenaires, comme l\u2019Iran ou la Russie, quand Moscou a d\u00e9clar\u00e9 en juillet sa volont\u00e9 d\u2019exploiter l\u2019uranium nig\u00e9rien.<\/p>\n<p class=\"article__paragraph  \">\u00ab\u00a0Le Niger, digne, met sur le march\u00e9 international sa propre production\u00a0\u00bb, a d\u00e9clar\u00e9 un journaliste de la t\u00e9l\u00e9vision d\u2019Etat T\u00e9l\u00e9 Sahel, rapportant des propos tenus r\u00e9cemment par le chef de la junte, le g\u00e9n\u00e9ral Abdourahamane Tiani. Selon le m\u00e9dia, le leader de la junte a revendiqu\u00e9 \u00ab\u00a0le droit l\u00e9gitime du Niger de disposer de ses richesses naturelles, de les vendre \u00e0 qui souhaite acheter, dans les r\u00e8gles du march\u00e9, en toute ind\u00e9pendance\u00a0\u00bb.<\/p>\n<p>                  L\u2019un des plus importants gisements d\u2019uranium au monde                  <\/p>\n<p class=\"article__paragraph  \">Orano avait act\u00e9 en d\u00e9cembre\u00a02024 la perte du contr\u00f4le op\u00e9rationnel de ses trois filiales mini\u00e8res au Niger\u00a0: la mine de la Soma\u00efr, celle de Cominak (ferm\u00e9e depuis 2021) et le gisement d\u2019Imouraren. Ce dernier site est l\u2019un des plus importants gisements d\u2019uranium au monde, avec des r\u00e9serves estim\u00e9es \u00e0 200\u00a0000\u00a0tonnes. Niamey avait retir\u00e9 \u00e0 Orano son permis d\u2019exploitation. En juin dernier, la junte militaire a annonc\u00e9 la nationalisation de la Soma\u00efr.<\/p>\n<p>                                     Lire la chronique |  Article r\u00e9serv\u00e9 \u00e0 nos abonn\u00e9s  <a href=\"https:\/\/www.lemonde.fr\/economie\/article\/2025\/06\/20\/orano-la-perte-d-une-source-d-approvisionnement-d-uranium-au-niger-vient-tester-les-limites-de-la-souverainete-francaise-sur-le-nucleaire_6614784_3234.html\" class=\"js-article-read-also catcher--favoris__link\" data-premium=\"1\" id=\"article-title-3427950\" target=\"_blank\" rel=\"noopener\">Orano\u00a0: \u00ab\u00a0La perte d\u2019une source d\u2019approvisionnement d\u2019uranium au Niger vient tester les limites de la souverainet\u00e9 fran\u00e7aise sur le nucl\u00e9aire\u00a0\u00bb<\/a>    <\/p>\n<p>   Lire plus tard  <\/p>\n<p class=\"article__paragraph  \">Orano, dont le capital est d\u00e9tenu \u00e0 plus de 90\u00a0% par l\u2019Etat fran\u00e7ais, a engag\u00e9 plusieurs proc\u00e9dures d\u2019arbitrage international contre l\u2019Etat du Niger. Fin septembre, <a href=\"https:\/\/www.lemonde.fr\/afrique\/article\/2025\/09\/26\/uranium-le-francais-orano-annonce-un-arbitrage-en-sa-faveur-dans-son-litige-avec-le-niger_6643074_3212.html\" target=\"_blank\" rel=\"noopener\">l\u2019entreprise a annonc\u00e9 la d\u00e9cision en sa faveur<\/a> d\u2019un tribunal concernant la mine de la Soma\u00efr. Selon Orano, ce tribunal a enjoint au Niger de ne pas vendre l\u2019uranium produit par la Soma\u00efr, dont le site compte environ 1\u00a0300\u00a0tonnes de concentr\u00e9, repr\u00e9sentant une valeur marchande de 250\u00a0millions d\u2019euros.<\/p>\n<p class=\"article__paragraph  \">D\u2019apr\u00e8s des informations publi\u00e9es ces derniers jours par le m\u00e9dia LSI Africa et Wamaps, groupe de journalistes ouest-africains sp\u00e9cialis\u00e9s dans l\u2019actualit\u00e9 s\u00e9curitaire au Sahel, et confirm\u00e9es par Le Monde, un convoi transportant 1\u00a0000\u00a0tonnes d\u2019uranium serait r\u00e9cemment parti d\u2019Arlit, ville du nord o\u00f9 se trouve le site de la Soma\u00efr, pour atteindre le port de Lom\u00e9, la capitale togolaise, en passant par le Burkina Faso.<\/p>\n<p>                                     Lire aussi |  Article r\u00e9serv\u00e9 \u00e0 nos abonn\u00e9s  <a href=\"https:\/\/www.lemonde.fr\/afrique\/article\/2025\/11\/28\/au-niger-une-partie-du-stock-d-uranium-convoite-par-la-russie-a-quitte-la-mine-d-arlit_6655288_3212.html\" class=\"js-article-read-also catcher--favoris__link\" data-premium=\"1\" id=\"article-title-3448707\" target=\"_blank\" rel=\"noopener\">Au Niger, une partie du stock d\u2019uranium convoit\u00e9 par la Russie a quitt\u00e9 la mine d\u2019Arlit<\/a>    <\/p>\n<p>   Lire plus tard  <\/p>\n<p class=\"article__paragraph  \">Le Niger fournit 4,7\u00a0% de la production mondiale d\u2019uranium naturel, selon des chiffres de 2021 de l\u2019agence d\u2019approvisionnement d\u2019Euratom (ESA).<\/p>\n<p class=\"author__detail\">  Le Monde avec AFP  <\/p>\n<p>                <a href=\"https:\/\/www.lemonde.fr\/syndication\/\" class=\"reuse__content\" title=\"R\u00e9utiliser ce contenu\" target=\"_blank\" rel=\"noopener\">R\u00e9utiliser ce contenu<\/a>      <\/p>\n","protected":false},"excerpt":{"rendered":"La mine d\u2019uranium \u00e0 ciel ouvert de Tamgak sur le site de la Soma\u00efr, \u00e0 Arlit, au Niger,&hellip;\n","protected":false},"author":2,"featured_media":570009,"comment_status":"","ping_status":"","sticky":false,"template":"","format":"standard","meta":{"footnotes":""},"categories":[1888],"tags":[1111,1928,11,1927,1777,674,1011,27,12,1926,626,1925,25],"class_list":{"0":"post-570008","1":"post","2":"type-post","3":"status-publish","4":"format-standard","5":"has-post-thumbnail","7":"category-paris","8":"tag-actu","9":"tag-actu-paris","10":"tag-actualites","11":"tag-actualites-paris","12":"tag-eu","13":"tag-europe","14":"tag-fr","15":"tag-france","16":"tag-news","17":"tag-news-paris","18":"tag-paris","19":"tag-paris-news","20":"tag-republique-francaise"},"share_on_mastodon":{"url":"https:\/\/pubeurope.com\/@fr\/115641770903333951","error":""},"_links":{"self":[{"href":"https:\/\/www.europesays.com\/fr\/wp-json\/wp\/v2\/posts\/570008","targetHints":{"allow":["GET"]}}],"collection":[{"href":"https:\/\/www.europesays.com\/fr\/wp-json\/wp\/v2\/posts"}],"about":[{"href":"https:\/\/www.europesays.com\/fr\/wp-json\/wp\/v2\/types\/post"}],"author":[{"embeddable":true,"href":"https:\/\/www.europesays.com\/fr\/wp-json\/wp\/v2\/users\/2"}],"replies":[{"embeddable":true,"href":"https:\/\/www.europesays.com\/fr\/wp-json\/wp\/v2\/comments?post=570008"}],"version-history":[{"count":0,"href":"https:\/\/www.europesays.com\/fr\/wp-json\/wp\/v2\/posts\/570008\/revisions"}],"wp:featuredmedia":[{"embeddable":true,"href":"https:\/\/www.europesays.com\/fr\/wp-json\/wp\/v2\/media\/570009"}],"wp:attachment":[{"href":"https:\/\/www.europesays.com\/fr\/wp-json\/wp\/v2\/media?parent=570008"}],"wp:term":[{"taxonomy":"category","embeddable":true,"href":"https:\/\/www.europesays.com\/fr\/wp-json\/wp\/v2\/categories?post=570008"},{"taxonomy":"post_tag","embeddable":true,"href":"https:\/\/www.europesays.com\/fr\/wp-json\/wp\/v2\/tags?post=570008"}],"curies":[{"name":"wp","href":"https:\/\/api.w.org\/{rel}","templated":true}]}}