{"id":570016,"date":"2025-12-01T01:45:20","date_gmt":"2025-12-01T01:45:20","guid":{"rendered":"https:\/\/www.europesays.com\/fr\/570016\/"},"modified":"2025-12-01T01:45:20","modified_gmt":"2025-12-01T01:45:20","slug":"guerre-quel-impact-sur-leconomie-de-la-russie","status":"publish","type":"post","link":"https:\/\/www.europesays.com\/fr\/570016\/","title":{"rendered":"Guerre : quel impact sur l&rsquo;\u00e9conomie de la Russie ?"},"content":{"rendered":"<p class=\"jsx-4058425199 jsx-2164199691 ExpandableText__Text\">Avec 40 % du budget consacr\u00e9 \u00e0 la guerre, l&rsquo;\u00e9conomie russe s&rsquo;essouffle. L&rsquo;\u00c9tat, aux abois, a augment\u00e9 les imp\u00f4ts, le pouvoir d&rsquo;achat des classes populaires s&rsquo;est effondr\u00e9. Selon les derniers sondages ind\u00e9pendants, 85 % des Russes soutiennent aujourd&rsquo;hui  Vladimir Poutine. Et dans ce pays qu&rsquo;il a conditionn\u00e9 pour la guerre, il est difficile d&rsquo;imaginer qu&rsquo;un jour, le chef du Kremlin puisse se r\u00e9soudre \u00e0 afficher autre chose qu&rsquo;une victoire.<\/p>\n<p>Lire plusReplier<\/p>\n","protected":false},"excerpt":{"rendered":"Avec 40 % du budget consacr\u00e9 \u00e0 la guerre, l&rsquo;\u00e9conomie russe s&rsquo;essouffle. L&rsquo;\u00c9tat, aux abois, a augment\u00e9 les&hellip;\n","protected":false},"author":2,"featured_media":570017,"comment_status":"","ping_status":"","sticky":false,"template":"","format":"standard","meta":{"footnotes":""},"categories":[1591],"tags":[11,1887,2952,12,8200,1885,1886,132,133,1920,64673],"class_list":{"0":"post-570016","1":"post","2":"type-post","3":"status-publish","4":"format-standard","5":"has-post-thumbnail","7":"category-russie","8":"tag-actualites","9":"tag-federation-de-russie","10":"tag-le-20h","11":"tag-news","12":"tag-politique-et-crise-dun-pays-etranger","13":"tag-russia","14":"tag-russian-federation","15":"tag-russie","16":"tag-video","17":"tag-video-international","18":"tag-vie-quotidienne-etrangere"},"share_on_mastodon":{"url":"https:\/\/pubeurope.com\/@fr\/115641786323329123","error":""},"_links":{"self":[{"href":"https:\/\/www.europesays.com\/fr\/wp-json\/wp\/v2\/posts\/570016","targetHints":{"allow":["GET"]}}],"collection":[{"href":"https:\/\/www.europesays.com\/fr\/wp-json\/wp\/v2\/posts"}],"about":[{"href":"https:\/\/www.europesays.com\/fr\/wp-json\/wp\/v2\/types\/post"}],"author":[{"embeddable":true,"href":"https:\/\/www.europesays.com\/fr\/wp-json\/wp\/v2\/users\/2"}],"replies":[{"embeddable":true,"href":"https:\/\/www.europesays.com\/fr\/wp-json\/wp\/v2\/comments?post=570016"}],"version-history":[{"count":0,"href":"https:\/\/www.europesays.com\/fr\/wp-json\/wp\/v2\/posts\/570016\/revisions"}],"wp:featuredmedia":[{"embeddable":true,"href":"https:\/\/www.europesays.com\/fr\/wp-json\/wp\/v2\/media\/570017"}],"wp:attachment":[{"href":"https:\/\/www.europesays.com\/fr\/wp-json\/wp\/v2\/media?parent=570016"}],"wp:term":[{"taxonomy":"category","embeddable":true,"href":"https:\/\/www.europesays.com\/fr\/wp-json\/wp\/v2\/categories?post=570016"},{"taxonomy":"post_tag","embeddable":true,"href":"https:\/\/www.europesays.com\/fr\/wp-json\/wp\/v2\/tags?post=570016"}],"curies":[{"name":"wp","href":"https:\/\/api.w.org\/{rel}","templated":true}]}}