{"id":570024,"date":"2025-12-01T01:49:21","date_gmt":"2025-12-01T01:49:21","guid":{"rendered":"https:\/\/www.europesays.com\/fr\/570024\/"},"modified":"2025-12-01T01:49:21","modified_gmt":"2025-12-01T01:49:21","slug":"un-bebe-de-27-jours-enleve-dun-hopital-de-gand-finalement-retrouve-en-allemagne","status":"publish","type":"post","link":"https:\/\/www.europesays.com\/fr\/570024\/","title":{"rendered":"Un b\u00e9b\u00e9 de 27 jours enlev\u00e9 d&rsquo;un h\u00f4pital de Gand finalement retrouv\u00e9&#8230; en Allemagne"},"content":{"rendered":"<p class=\"ap-StoryElement ap-StoryElement--mb ap-StoryText\">Le b\u00e9b\u00e9 n\u00e9cessitait des soins m\u00e9dicaux urgents, mais les parents ont quitt\u00e9 l&rsquo;h\u00f4pital sans autorisation. Le parquet a imm\u00e9diatement saisi un juge d&rsquo;instruction et lanc\u00e9 une coop\u00e9ration internationale. La police locale de Gand, la police f\u00e9d\u00e9rale &#8211; dont la cellule personnes disparues &#8211; et des partenaires \u00e9trangers se sont rapidement mobilis\u00e9s.<\/p>\n<p class=\"ap-StoryElement ap-StoryElement--mb ap-StoryText\">Vers 2 heures du matin, la famille a \u00e9t\u00e9 localis\u00e9e en Allemagne. Le b\u00e9b\u00e9 y a imm\u00e9diatement re\u00e7u les soins n\u00e9cessaires. Les parents ont \u00e9t\u00e9 interrog\u00e9s par les autorit\u00e9s allemandes et ont pu repartir libres. Un avis de recherche international a \u00e9t\u00e9 retir\u00e9 juste avant sa publication.<\/p>\n","protected":false},"excerpt":{"rendered":"Le b\u00e9b\u00e9 n\u00e9cessitait des soins m\u00e9dicaux urgents, mais les parents ont quitt\u00e9 l&rsquo;h\u00f4pital sans autorisation. Le parquet a&hellip;\n","protected":false},"author":2,"featured_media":570025,"comment_status":"","ping_status":"","sticky":false,"template":"","format":"standard","meta":{"footnotes":""},"categories":[1587],"tags":[11,672,1804,1805,1803,10777,1777,674,1801,8639,12,1802,71],"class_list":{"0":"post-570024","1":"post","2":"type-post","3":"status-publish","4":"format-standard","5":"has-post-thumbnail","7":"category-allemagne","8":"tag-actualites","9":"tag-allemagne","10":"tag-bundesrepublik-deutschland","11":"tag-de","12":"tag-deutschland","13":"tag-enfance","14":"tag-eu","15":"tag-europe","16":"tag-germany","17":"tag-judiciaire","18":"tag-news","19":"tag-republique-federale-dallemagne","20":"tag-sante"},"share_on_mastodon":{"url":"https:\/\/pubeurope.com\/@fr\/115641802216258834","error":""},"_links":{"self":[{"href":"https:\/\/www.europesays.com\/fr\/wp-json\/wp\/v2\/posts\/570024","targetHints":{"allow":["GET"]}}],"collection":[{"href":"https:\/\/www.europesays.com\/fr\/wp-json\/wp\/v2\/posts"}],"about":[{"href":"https:\/\/www.europesays.com\/fr\/wp-json\/wp\/v2\/types\/post"}],"author":[{"embeddable":true,"href":"https:\/\/www.europesays.com\/fr\/wp-json\/wp\/v2\/users\/2"}],"replies":[{"embeddable":true,"href":"https:\/\/www.europesays.com\/fr\/wp-json\/wp\/v2\/comments?post=570024"}],"version-history":[{"count":0,"href":"https:\/\/www.europesays.com\/fr\/wp-json\/wp\/v2\/posts\/570024\/revisions"}],"wp:featuredmedia":[{"embeddable":true,"href":"https:\/\/www.europesays.com\/fr\/wp-json\/wp\/v2\/media\/570025"}],"wp:attachment":[{"href":"https:\/\/www.europesays.com\/fr\/wp-json\/wp\/v2\/media?parent=570024"}],"wp:term":[{"taxonomy":"category","embeddable":true,"href":"https:\/\/www.europesays.com\/fr\/wp-json\/wp\/v2\/categories?post=570024"},{"taxonomy":"post_tag","embeddable":true,"href":"https:\/\/www.europesays.com\/fr\/wp-json\/wp\/v2\/tags?post=570024"}],"curies":[{"name":"wp","href":"https:\/\/api.w.org\/{rel}","templated":true}]}}