{"id":570034,"date":"2025-12-01T01:54:25","date_gmt":"2025-12-01T01:54:25","guid":{"rendered":"https:\/\/www.europesays.com\/fr\/570034\/"},"modified":"2025-12-01T01:54:25","modified_gmt":"2025-12-01T01:54:25","slug":"ecoreseau-business-retour-du-service-militaire-en-france-a-quoi-sattendre","status":"publish","type":"post","link":"https:\/\/www.europesays.com\/fr\/570034\/","title":{"rendered":"\u00c9coR\u00e9seau Business &#8211; Retour du service militaire en France : \u00e0 quoi s\u2019attendre ?"},"content":{"rendered":"<p>    <strong>Il avait disparu sous Chirac, il fait son grand retour sous Macron II. Le 27 novembre, alors en d\u00e9placement aupr\u00e8s de la 27e Brigade d\u2019Infanterie de Montagne \u00e0 Varces (Is\u00e8re) le pr\u00e9sident de la R\u00e9publique a officialis\u00e9 le r\u00e9tablissement du service militaire \u2013 ou service national militaire selon la formule employ\u00e9e. En quoi consiste ce nouveau dispositif, qui devrait \u00eatre effectif d\u00e8s l\u2019ann\u00e9e prochaine ?<\/strong><\/p>\n<p>\n            Apr\u00e8s l\u2019\u00e9chec du service national universel (SNU) en 2019, l\u2019annonce d\u2019un service national militaire intervient alors que la menace russe se pr\u00e9cise et qu&rsquo;un d\u00e9bat sur la d\u00e9fense se tiendra le 10 d\u00e9cembre \u00e0 l\u2019Assembl\u00e9e nationale. \u00ab Cette \u00e9volution de la menace nous a conduits \u00e0 prendre une nouvelle d\u00e9cision. Nous ne pouvons pas revenir au temps de la conscription, mais nous avons besoin d&rsquo;une nouvelle mobilisation \u00bb, a argument\u00e9 le chef de l\u2019\u00c9tat. En Europe, des pays comme l&rsquo;Allemagne ou la Norv\u00e8ge prennent le m\u00eame chemin.        <\/p>\n","protected":false},"excerpt":{"rendered":"Il avait disparu sous Chirac, il fait son grand retour sous Macron II. Le 27 novembre, alors en&hellip;\n","protected":false},"author":2,"featured_media":570035,"comment_status":"","ping_status":"","sticky":false,"template":"","format":"standard","meta":{"footnotes":""},"categories":[4],"tags":[11,54953,1073,1011,27,418,12,316,25,68533],"class_list":{"0":"post-570034","1":"post","2":"type-post","3":"status-publish","4":"format-standard","5":"has-post-thumbnail","7":"category-france","8":"tag-actualites","9":"tag-economie-et-societe","10":"tag-emmanuel-macron","11":"tag-fr","12":"tag-france","13":"tag-gouvernement","14":"tag-news","15":"tag-politique","16":"tag-republique-francaise","17":"tag-service-national-militaire"},"share_on_mastodon":{"url":"https:\/\/pubeurope.com\/@fr\/115641821628027686","error":""},"_links":{"self":[{"href":"https:\/\/www.europesays.com\/fr\/wp-json\/wp\/v2\/posts\/570034","targetHints":{"allow":["GET"]}}],"collection":[{"href":"https:\/\/www.europesays.com\/fr\/wp-json\/wp\/v2\/posts"}],"about":[{"href":"https:\/\/www.europesays.com\/fr\/wp-json\/wp\/v2\/types\/post"}],"author":[{"embeddable":true,"href":"https:\/\/www.europesays.com\/fr\/wp-json\/wp\/v2\/users\/2"}],"replies":[{"embeddable":true,"href":"https:\/\/www.europesays.com\/fr\/wp-json\/wp\/v2\/comments?post=570034"}],"version-history":[{"count":0,"href":"https:\/\/www.europesays.com\/fr\/wp-json\/wp\/v2\/posts\/570034\/revisions"}],"wp:featuredmedia":[{"embeddable":true,"href":"https:\/\/www.europesays.com\/fr\/wp-json\/wp\/v2\/media\/570035"}],"wp:attachment":[{"href":"https:\/\/www.europesays.com\/fr\/wp-json\/wp\/v2\/media?parent=570034"}],"wp:term":[{"taxonomy":"category","embeddable":true,"href":"https:\/\/www.europesays.com\/fr\/wp-json\/wp\/v2\/categories?post=570034"},{"taxonomy":"post_tag","embeddable":true,"href":"https:\/\/www.europesays.com\/fr\/wp-json\/wp\/v2\/tags?post=570034"}],"curies":[{"name":"wp","href":"https:\/\/api.w.org\/{rel}","templated":true}]}}