{"id":570040,"date":"2025-12-01T02:05:22","date_gmt":"2025-12-01T02:05:22","guid":{"rendered":"https:\/\/www.europesays.com\/fr\/570040\/"},"modified":"2025-12-01T02:05:22","modified_gmt":"2025-12-01T02:05:22","slug":"giro-tour-ditalie-journee-cle-lundi-pour-le-cyclisme-italien-et-le-giro-ditalia-2026","status":"publish","type":"post","link":"https:\/\/www.europesays.com\/fr\/570040\/","title":{"rendered":"Giro. Tour d&rsquo;Italie &#8211; Journ\u00e9e cl\u00e9 lundi pour le cyclisme italien et le Giro d&rsquo;Italia 2026"},"content":{"rendered":"<p>La journ\u00e9e du lundi 1er d\u00e9cembre s\u2019annonce d\u00e9cisive pour le cyclisme italien, rythm\u00e9e par deux rendez-vous plac\u00e9s sous le signe de l\u2019\u00e9conomie, de l\u2019innovation et du sport. \u00c0 11h30, l\u2019<strong><a href=\"https:\/\/www.cyclismactu.net\/..\/\" target=\"_blank\" rel=\"noopener\">International Bike Economy Forum<\/a><\/strong> r\u00e9unira experts et acteurs du secteur pour pr\u00e9senter de nouvelles \u00e9tudes sur l\u2019impact social et \u00e9conomique du cyclisme, ainsi que sur la valeur du <strong>Made in Italy<\/strong>. Puis, \u00e0 15h30, le <strong><a href=\"https:\/\/www.cyclismactu.net\/..\/news-tour-d-italie-route-le-parcours-du-giro-d-italia-2026-reponse-1er-decembre-90955.html\" target=\"_blank\" rel=\"noopener\">Giro d\u2019Italia<\/a><\/strong> et le <strong><a href=\"https:\/\/www.cyclismactu.net\/..\/news-tour-d-italie-femmes-route-liane-lippert-a-double-mise-elisa-longo-borghini-sacree-88924.html\" target=\"_blank\" rel=\"noopener\">Giro d\u2019Italia Women<\/a><\/strong> d\u00e9voileront officiellement leurs parcours 2026, un moment toujours attendu par les passionn\u00e9s.<\/p>\n<p>Vid\u00e9o &#8211; Revivez la folle 20e \u00e9tape du Giro d&rsquo;Italia 2025 Lire la suite de l&rsquo;article&#13;<\/p>\n<p>\u00a0<\/p>\n<p>&#13;<br \/>\nO\u00f9 suivre la pr\u00e9sentation des Tours d&rsquo;Italie 2026 ?&#13;<\/p>\n<p>La pr\u00e9sentation du double parcours sera accessible en direct sur l\u2019ensemble des plateformes du <strong>Giro<\/strong>, permettant aux fans de d\u00e9couvrir les \u00e9tapes, difficult\u00e9s et villes h\u00f4tes des \u00e9ditions 2026. Organis\u00e9e par <strong>RCS Sports &amp; Events<\/strong>, cette journ\u00e9e mettra \u00e9galement en avant la dynamique \u00e9conomique g\u00e9n\u00e9r\u00e9e par la <strong>Corsa Rosa<\/strong>, r\u00e9v\u00e9l\u00e9e le matin m\u00eame lors du <strong>Bike Economy Forum <\/strong>men\u00e9 avec l\u2019<strong>ICE<\/strong>. Entre analyses de fond et r\u00e9v\u00e9lations sportives, le cyclisme italien vivra une journ\u00e9e cl\u00e9 pour comprendre son avenir et c\u00e9l\u00e9brer ses deux \u00e9preuves phares.<\/p>\n<p>&#13;<\/p>\n<p>\u00a0<\/p>\n<p>&#13;<br \/>\nO\u00f9 suivre la pr\u00e9sentation :&#13;<\/p>\n<p>giroditalia.it et giroditaliawomen.it<\/p>\n<p>&#13;<\/p>\n<p>Pages Facebook Giro d\u2019Italia et Giro d\u2019Italia Women<\/p>\n<p>&#13;<\/p>\n<p>Compte X Giro d\u2019Italia<\/p>\n<p>&#13;<\/p>\n<p>Cha\u00eenes Youtube et Daily Motion Giro d\u2019Italia<\/p>\n<p>&#13;<\/p>\n<p>Page Linkedin RCS Sports &amp; Events<\/p>\n","protected":false},"excerpt":{"rendered":"La journ\u00e9e du lundi 1er d\u00e9cembre s\u2019annonce d\u00e9cisive pour le cyclisme italien, rythm\u00e9e par deux rendez-vous plac\u00e9s sous&hellip;\n","protected":false},"author":2,"featured_media":570041,"comment_status":"","ping_status":"","sticky":false,"template":"","format":"standard","meta":{"footnotes":""},"categories":[1411],"tags":[1154,207,1011,27,209,60,3318,208],"class_list":{"0":"post-570040","1":"post","2":"type-post","3":"status-publish","4":"format-standard","5":"has-post-thumbnail","7":"category-cyclisme","8":"tag-cycling","9":"tag-cyclisme","10":"tag-fr","11":"tag-france","12":"tag-route","13":"tag-sports","14":"tag-tour-d","15":"tag-velo"},"share_on_mastodon":{"url":"https:\/\/pubeurope.com\/@fr\/115641864974622132","error":""},"_links":{"self":[{"href":"https:\/\/www.europesays.com\/fr\/wp-json\/wp\/v2\/posts\/570040","targetHints":{"allow":["GET"]}}],"collection":[{"href":"https:\/\/www.europesays.com\/fr\/wp-json\/wp\/v2\/posts"}],"about":[{"href":"https:\/\/www.europesays.com\/fr\/wp-json\/wp\/v2\/types\/post"}],"author":[{"embeddable":true,"href":"https:\/\/www.europesays.com\/fr\/wp-json\/wp\/v2\/users\/2"}],"replies":[{"embeddable":true,"href":"https:\/\/www.europesays.com\/fr\/wp-json\/wp\/v2\/comments?post=570040"}],"version-history":[{"count":0,"href":"https:\/\/www.europesays.com\/fr\/wp-json\/wp\/v2\/posts\/570040\/revisions"}],"wp:featuredmedia":[{"embeddable":true,"href":"https:\/\/www.europesays.com\/fr\/wp-json\/wp\/v2\/media\/570041"}],"wp:attachment":[{"href":"https:\/\/www.europesays.com\/fr\/wp-json\/wp\/v2\/media?parent=570040"}],"wp:term":[{"taxonomy":"category","embeddable":true,"href":"https:\/\/www.europesays.com\/fr\/wp-json\/wp\/v2\/categories?post=570040"},{"taxonomy":"post_tag","embeddable":true,"href":"https:\/\/www.europesays.com\/fr\/wp-json\/wp\/v2\/tags?post=570040"}],"curies":[{"name":"wp","href":"https:\/\/api.w.org\/{rel}","templated":true}]}}