{"id":570046,"date":"2025-12-01T02:08:36","date_gmt":"2025-12-01T02:08:36","guid":{"rendered":"https:\/\/www.europesays.com\/fr\/570046\/"},"modified":"2025-12-01T02:08:36","modified_gmt":"2025-12-01T02:08:36","slug":"cest-pour-voir-les-etoiles-dans-les-yeux-des-enfants-il-transforme-ses-figurines-lego-en-heros-pour-creer-des-saynetes-photographiques-incroyables","status":"publish","type":"post","link":"https:\/\/www.europesays.com\/fr\/570046\/","title":{"rendered":"\u00ab\u00a0C\u2019est pour voir les \u00e9toiles dans les yeux des enfants\u00a0\u00bb\u00a0: Il transforme ses figurines Lego en h\u00e9ros pour cr\u00e9er des sayn\u00e8tes photographiques incroyables"},"content":{"rendered":"<p>\n                                                                    l&rsquo;essentiel<br \/>\n                                                                Immersion avec le photographe Timoth\u00e9 Ginocchio. Autour de Revel (Haute-Garonne), il s\u2019amuse \u00e0 recr\u00e9er des sayn\u00e8tes avec des figurines Lego, pour le plus grand plaisir des petits comme des grands. Il esp\u00e8re, un jour, en faire son m\u00e9tier.\n                            <\/p>\n<p>Rares sont les \u00e9l\u00e9ments qui peuvent arr\u00eater Timoth\u00e9 Ginocchio lorsque l\u2019envie ou l\u2019id\u00e9e de faire une photographie le prennent.<\/p>\n<p>Depuis quelques ann\u00e9es, il s\u2019adonne \u00e0 la \u00ab\u00a0toy photography\u00a0\u00bb, ou la photographie de jouets en fran\u00e7ais. Avec son impressionnante collection de Lego, \u00ab\u00a0trop grosse au go\u00fbt de [s] a femme mais un r\u00e9gal pour les enfants\u00a0\u00bb, il sillonne le secteur de Revel pour cr\u00e9er de v\u00e9ritables sayn\u00e8tes o\u00f9 la figurine devient le h\u00e9ros.<\/p>\n<p>        <img decoding=\"async\" class=\"std-img__img responsive-img\" src=\"https:\/\/www.europesays.com\/fr\/wp-content\/uploads\/2025\/12\/image.jpg\" alt=\"Timoth\u00e9 Ginocchio trouve le bon \u00e9quilibre entre la mise en sc\u00e8ne et le cadrage.\"\/><\/p>\n<p>                Timoth\u00e9 Ginocchio trouve le bon \u00e9quilibre entre la mise en sc\u00e8ne et le cadrage.<br \/>\n                                    Photo DDM &#8211; Sophie M\u00e9nard<\/p>\n<p>\u00ab\u00a0J\u2019ai d\u00e9couvert la photographie pendant le Covid\u00a0\u00bb, confie Timoth\u00e9 Ginnochio. \u00ab\u00a0Je faisais beaucoup de Lego avec les enfants, pour ne pas les laisser devant la t\u00e9l\u00e9.\u00a0\u00bb<\/p>\n<p>Puis, il s\u2019est mis \u00e0 les photographier, se perfectionnant petit \u00e0 petit. Aujourd\u2019hui, il sort r\u00e9guli\u00e8rement, quand l\u2019envie lui en prend. Il n\u2019est jamais \u00e0 court d\u2019id\u00e9es. Ce jour-l\u00e0, par un froid glacial, il a pr\u00e9vu trois mises en sc\u00e8ne au lac de Saint-Ferr\u00e9ol, pr\u00e8s de la cascade dans les jardins du mus\u00e9e du R\u00e9servoir.<\/p>\n<p>Patience, pers\u00e9v\u00e9rance et passion<\/p>\n<p>Il sort son mat\u00e9riel, assemble quelques Lego puis analyse son environnement. Tr\u00e8s rapidement, il sait quoi faire et doit effectuer quelques trucages pour y arriver. Fil de p\u00eache, effets sp\u00e9ciaux\u2026 Il d\u00e9place quelques pierres en bas de la cascade, mais pas plus. \u00ab\u00a0J\u2019essaie de ne pas trop d\u00e9ranger la nature.\u00a0\u00bb<\/p>\n<p>        <img decoding=\"async\" class=\"std-img__img responsive-img\" src=\"https:\/\/www.europesays.com\/fr\/wp-content\/uploads\/2025\/12\/1764554911_864_image.jpg\" alt=\"Il emporte toujours plusieurs pi\u00e8ces lors de ses sorties.\"\/><\/p>\n<p>                Il emporte toujours plusieurs pi\u00e8ces lors de ses sorties.<br \/>\n                                    Photo DDM &#8211; Sophie M\u00e9nard<\/p>\n<p>Il saute d\u2019une pierre \u00e0 l\u2019autre, finit rapidement tremp\u00e9 alors que le mercure frise le z\u00e9ro, mais \u00e7a ne l\u2019arr\u00eate pas. \u00ab\u00a0Parfois, une mise en sc\u00e8ne me prend 35 minutes. D\u2019autres fois, beaucoup plus.\u00a0\u00bb Et plus rarement encore, il peut repartir bredouille. Il vient l\u2019hiver car l\u2019\u00e9t\u00e9, l\u2019endroit grouille de monde.<\/p>\n<p>        <img decoding=\"async\" class=\"std-img__img responsive-img\" src=\"https:\/\/www.europesays.com\/fr\/wp-content\/uploads\/2025\/12\/1764554912_936_image.jpg\" alt=\"Le photographe doit parfois faire quelques cascades pour obtenir le rendu souhait\u00e9.\"\/><\/p>\n<p>                Le photographe doit parfois faire quelques cascades pour obtenir le rendu souhait\u00e9.<br \/>\n                                    Photo DDM &#8211; Sophie M\u00e9nard<\/p>\n<p>L\u00e0, en deux heures, il joue astucieusement avec le d\u00e9cor pour proposer trois sc\u00e8nes. Si le rendu lui convient, il les postera sur les r\u00e9seaux sociaux, o\u00f9 il re\u00e7oit toujours des commentaires positifs. \u00ab\u00a0J\u2019ai de bons retours, et je me dis que je ne fais pas \u00e7a pour rien\u00a0\u00bb, analyse Timoth\u00e9 Ginocchio. Car, \u00e0 terme, le photographe esp\u00e8re bien en vivre. Il s\u2019est lanc\u00e9 dans la photographie pour les artisans, et peut aussi r\u00e9pondre \u00e0 des demandes de particuliers. En attendant, il se r\u00e9gale, mettant parfois en sc\u00e8ne l\u2019actualit\u00e9 locale.<\/p>\n<p>        <img decoding=\"async\" class=\"std-img__img responsive-img\" src=\"https:\/\/www.europesays.com\/fr\/wp-content\/uploads\/2025\/12\/1764554913_615_image.jpg\" alt=\"Avec ces petits personnages, les possibilit\u00e9s de mises en sc\u00e8ne sont presque infinies.\"\/><\/p>\n<p>                Avec ces petits personnages, les possibilit\u00e9s de mises en sc\u00e8ne sont presque infinies.<br \/>\n                                    Photo DDM &#8211; Sophie M\u00e9nard<\/p>\n<p>\u00ab\u00a0Je suis tomb\u00e9 amoureux de <a href=\"https:\/\/www.ladepeche.fr\/communes\/revel,31451\/\" target=\"_self\" rel=\"noopener\">Revel <\/a>et des alentours\u00a0\u00bb, confie celui qui a aussi v\u00e9cu en r\u00e9gion parisienne, en Normandie et m\u00eame en Argentine. \u00ab\u00a0Niveau paysage, c\u2019est magnifique.\u00a0\u00bb Et un d\u00e9cor infini au service de sa cr\u00e9ativit\u00e9.<\/p>\n<p>        <img decoding=\"async\" class=\"std-img__img responsive-img\" src=\"https:\/\/www.europesays.com\/fr\/wp-content\/uploads\/2025\/12\/1764554915_788_image.jpg\" alt=\"Les jouets ne restent pas toujours en place le temps de la photo.\"\/><\/p>\n<p>                Les jouets ne restent pas toujours en place le temps de la photo.<br \/>\n                                    Photo DDM &#8211; Sophie M\u00e9nard<\/p>\n<p class=\"std-elt__inline\">\n        <strong>\u00c0 lire aussi :<\/strong><br \/>\n        <a href=\"https:\/\/www.ladepeche.fr\/2025\/07\/17\/ma-premiere-photo-etait-une-mise-en-scene-de-mes-jouets-dans-ma-chambre-il-expose-ses-portraits-dobjets-a-lectoure-12829903.php\" target=\"_blank\" rel=\"noopener\">\u00ab\u00a0Ma premi\u00e8re photo \u00e9tait une mise en sc\u00e8ne de mes jouets dans ma chambre\u00a0\u00bb : il expose ses portraits d\u2019objets \u00e0 Lectoure<\/a>\n    <\/p>\n<p>En inspirer d\u2019autres<\/p>\n<p>\u00ab\u00a0L\u2019une des principales raisons pour lesquelles je fais \u00e7a, c\u2019est pour voir les \u00e9toiles dans les yeux des enfants\u00a0\u00bb, glisse-t-il. D\u2019ailleurs, ses fils participent r\u00e9guli\u00e8rement et donnent des id\u00e9es. Son a\u00een\u00e9, \u00e0 tout juste huit ans, r\u00e9alise m\u00eame ses propres images. \u00ab\u00a0Si j\u2019arrive \u00e0 inspirer d\u2019autres personnes \u00e0 faire de la photo, c\u2019est cool\u00a0\u00bb, annonce-t-il sobrement.<\/p>\n<p>        <img decoding=\"async\" class=\"std-img__img responsive-img\" src=\"https:\/\/www.europesays.com\/fr\/wp-content\/uploads\/2025\/12\/1764554915_599_image.jpg\" alt=\"Star Wars fait \u00e9videmment partie des r\u00e9f\u00e9rences incontournables du photographe.\"\/><\/p>\n<p>                Star Wars fait \u00e9videmment partie des r\u00e9f\u00e9rences incontournables du photographe.<br \/>\n                                    Photo fournie par &#8211; Timoth\u00e9e Ginocchio<\/p>\n<p>Encore un nouveau saut depuis les rochers, une pi\u00e8ce de Lego perdue dans l\u2019herbe, et le \u00ab\u00a0toy\u00a0\u00bb photographe a une autre id\u00e9e. L\u00e0, c\u2019est son appareil photo qui le l\u00e2che, en raison du froid. Mais il persiste. \u00ab\u00a0Il faut \u00eatre passionn\u00e9, patient et pers\u00e9v\u00e9rant\u00a0\u00bb, r\u00e9sume-t-il en souriant. \u00c7a paye, l\u2019appareil refonctionne.<\/p>\n<p>        <img decoding=\"async\" class=\"std-img__img responsive-img\" src=\"https:\/\/www.europesays.com\/fr\/wp-content\/uploads\/2025\/12\/1764554916_842_image.jpg\" alt=\"Les enfants du photographe lui ont souffl\u00e9 l\u2019id\u00e9e d\u2019une mise en sc\u00e8ne avec cette voiture.\"\/><\/p>\n<p>                Les enfants du photographe lui ont souffl\u00e9 l\u2019id\u00e9e d\u2019une mise en sc\u00e8ne avec cette voiture.<br \/>\n                                    Photo fournie par &#8211; Timoth\u00e9e Ginocchio<\/p>\n<p>\u00ab\u00a0C\u2019est aussi un passe-temps qui permet de d\u00e9charger des journ\u00e9es compliqu\u00e9es, explique Timoth\u00e9 Ginocchio. Ici, pas de r\u00e9seau. Juste le bruit de la cascade.\u00a0\u00bb<\/p>\n<p>Et une fois son mat\u00e9riel rang\u00e9, les premiers flocons de neige de l\u2019ann\u00e9e commencent \u00e0 tomber. Nul doute qu\u2019ils inspireront d\u2019autres id\u00e9es au photographe.<\/p>\n<p>Pour d\u00e9couvrir le reste de ses photos\u00a0: @lesbriquesdetim sur Instagram, ou <a href=\"https:\/\/lesbriquesdetim.wordpress.com\/\" target=\"_self\" rel=\"noopener\">son site Internet<\/a>. Contact\u00a0: lesbriquesdetim@gmail.com.<\/p>\n","protected":false},"excerpt":{"rendered":"l&rsquo;essentiel Immersion avec le photographe Timoth\u00e9 Ginocchio. Autour de Revel (Haute-Garonne), il s\u2019amuse \u00e0 recr\u00e9er des sayn\u00e8tes avec&hellip;\n","protected":false},"author":2,"featured_media":570047,"comment_status":"","ping_status":"","sticky":false,"template":"","format":"standard","meta":{"footnotes":""},"categories":[1358],"tags":[1348,1384,1385,1386,58,59,1011,27],"class_list":{"0":"post-570046","1":"post","2":"type-post","3":"status-publish","4":"format-standard","5":"has-post-thumbnail","7":"category-arts-et-design","8":"tag-arts","9":"tag-arts-and-design","10":"tag-arts-et-design","11":"tag-design","12":"tag-divertissement","13":"tag-entertainment","14":"tag-fr","15":"tag-france"},"share_on_mastodon":{"url":"https:\/\/pubeurope.com\/@fr\/115641878698077236","error":""},"_links":{"self":[{"href":"https:\/\/www.europesays.com\/fr\/wp-json\/wp\/v2\/posts\/570046","targetHints":{"allow":["GET"]}}],"collection":[{"href":"https:\/\/www.europesays.com\/fr\/wp-json\/wp\/v2\/posts"}],"about":[{"href":"https:\/\/www.europesays.com\/fr\/wp-json\/wp\/v2\/types\/post"}],"author":[{"embeddable":true,"href":"https:\/\/www.europesays.com\/fr\/wp-json\/wp\/v2\/users\/2"}],"replies":[{"embeddable":true,"href":"https:\/\/www.europesays.com\/fr\/wp-json\/wp\/v2\/comments?post=570046"}],"version-history":[{"count":0,"href":"https:\/\/www.europesays.com\/fr\/wp-json\/wp\/v2\/posts\/570046\/revisions"}],"wp:featuredmedia":[{"embeddable":true,"href":"https:\/\/www.europesays.com\/fr\/wp-json\/wp\/v2\/media\/570047"}],"wp:attachment":[{"href":"https:\/\/www.europesays.com\/fr\/wp-json\/wp\/v2\/media?parent=570046"}],"wp:term":[{"taxonomy":"category","embeddable":true,"href":"https:\/\/www.europesays.com\/fr\/wp-json\/wp\/v2\/categories?post=570046"},{"taxonomy":"post_tag","embeddable":true,"href":"https:\/\/www.europesays.com\/fr\/wp-json\/wp\/v2\/tags?post=570046"}],"curies":[{"name":"wp","href":"https:\/\/api.w.org\/{rel}","templated":true}]}}