{"id":570050,"date":"2025-12-01T02:11:23","date_gmt":"2025-12-01T02:11:23","guid":{"rendered":"https:\/\/www.europesays.com\/fr\/570050\/"},"modified":"2025-12-01T02:11:23","modified_gmt":"2025-12-01T02:11:23","slug":"merci-lio-detre-la-par-giulia-fois-liberation","status":"publish","type":"post","link":"https:\/\/www.europesays.com\/fr\/570050\/","title":{"rendered":"Merci Lio d\u2019\u00eatre l\u00e0, par Giulia Fo\u00efs &#8211; Lib\u00e9ration"},"content":{"rendered":"<ol>\n<li><a href=\"https:\/\/news.google.com\/rss\/articles\/CBMivwFBVV95cUxOek4yc3k4b05oanBxTm9NLWZMYjRVUzlNd2E5VHhaZDhaQlRuSDV5bDF2dGxsMGZGVE5DaXJrR0RfaW0tbHMwbzNRN1ZkRzloNEY1bi00Zl9iU0JVUnZub1R1YWo5TGpmblJ1UklvVms0MWFUNUdpaXVRcHZUZmtBWEhCel9aM1dTVnpvMzFjbW9DTDBYN2ZGaU1Pa3YxVkt5ekotbzJBcFQ0cE8taTdXNl9tVzNqNFdVNTdYWUdybw?oc=5\" target=\"_blank\" rel=\"noopener\">Merci Lio d\u2019\u00eatre l\u00e0, par Giulia Fo\u00efs<\/a>&nbsp;&nbsp;Lib\u00e9ration<\/li>\n<li><a href=\"https:\/\/news.google.com\/rss\/articles\/CBMiiAFBVV95cUxOM1VvTFNkRDRwVlN0Rjl1cVFHZHNVWTZoX3IxQTJtMzc0YlV5WGlsVVFaMUstWDFxVktLanA4dWZyUy1TakFvREpmUmVoZm10eEdmdHcya09WYVJkWXh2S2RmbG5iczhWblhCT1ZnREFzRFNqNWdyS0YwMzh5X1NGa2pXQnJkYk9p?oc=5\" target=\"_blank\" rel=\"noopener\">Lio : la symbolique secr\u00e8te de son nouvel album pour son fils disparu<\/a>&nbsp;&nbsp;Yahoo Actualit\u00e9s<\/li>\n<li><a href=\"https:\/\/news.google.com\/rss\/articles\/CBMigAJBVV95cUxNSmM1OERpckJpekdNRTRnYVhDZDRBQ0ZNR2x5ZUVIUXRzRTNsWHY4ZFFtWlZWTFNFaEI2ZTBSRGpnZVdjSmlSYWN5SUE3UHNCcmRFOGVVd3R5SmJpRk5oNE1GYW5jSWlLOTFnaWxxVFdoUFQ5QnI4cHBNeHE0dkYzYVFPZ3pvcF80Q3lDOGdKYlRYWFBvRkZidVkzbG85bXFHSG5IM1gxSUhqMlJRYWRfaDRvcGtBcXdSYTdSWnZXNGJSRGlCZ1hfYmN4ZEt2YVBBMDNLUmtpWFg4R18yM3l1WnVLRWhJZy10OFJHMVBkMHNnd2p0RnRqZm9xRVNyZzdD?oc=5\" target=\"_blank\" rel=\"noopener\">\u00ab\u00a0C\u2019est arriv\u00e9 \u00e0 un moment si triste de ma vie\u2026\u00a0\u00bb : Lio s\u2019effondre en larmes sur le plateau de T\u00e9l\u00e9matin (VID\u00c9O)<\/a>&nbsp;&nbsp;T\u00e9l\u00e9 7 Jours<\/li>\n<li><a href=\"https:\/\/news.google.com\/rss\/articles\/CBMikwFBVV95cUxPeGJ6Mkx3SHNGYTd6OW9JQWZ4RHA4QWlsY09WdzBobElSUmlZU2dTN1RaX2g3RHV5ekozLXpXMVphOHJsRlk0cW1UMjQtUEFpQmNWdEp5c3BOTFpYZWV2VklENUhvRnU2N0NyY21sR25BekRkWGxoN24xSTZKYlVfcEFzUUdnUmtBZ2YtZTBuUXdXNVk?oc=5\" target=\"_blank\" rel=\"noopener\">L&rsquo;invit\u00e9e people &#8211; Lio<\/a>&nbsp;&nbsp;France TV<\/li>\n<li><a href=\"https:\/\/news.google.com\/rss\/articles\/CBMivAFBVV95cUxNaUNzRmlXb1UxT3NyZEVldFk1eGx1YkFEQkdtNWVUbE9kdGJVekVGRnpTV1VOSTRfZWRqcDZaeEhnWExHeEtTNnBVVWZTZG9leXlxNEt0WnIwV3RZLUpzU1E4bzQxbHNhOEV6UVRPWUU4REhSTElnTzkwNzJBUk9YS053NEJoSlpxaG15NWVNbUxWYjN2MUZubEJubUk4T0hIV2lCRm1WaEVvaEp6UjExNFR1SC1DQVZHUVVmNw?oc=5\" target=\"_blank\" rel=\"noopener\">\u00ab Je vis toute ma vie pour un moment comme \u00e7a \u00bb : Lio boulevers\u00e9e par un message de Louane<\/a>&nbsp;&nbsp;20 Minutes<\/li>\n<\/ol>\n","protected":false},"excerpt":{"rendered":"Merci Lio d\u2019\u00eatre l\u00e0, par Giulia Fo\u00efs&nbsp;&nbsp;Lib\u00e9ration Lio : la symbolique secr\u00e8te de son nouvel album pour son&hellip;\n","protected":false},"author":2,"featured_media":570051,"comment_status":"","ping_status":"","sticky":false,"template":"","format":"standard","meta":{"footnotes":""},"categories":[1355],"tags":[58,59,6757,1011,27,1361,873],"class_list":{"0":"post-570050","1":"post","2":"type-post","3":"status-publish","4":"format-standard","5":"has-post-thumbnail","7":"category-musique","8":"tag-divertissement","9":"tag-entertainment","10":"tag-feminisme","11":"tag-fr","12":"tag-france","13":"tag-music","14":"tag-musique"},"share_on_mastodon":{"url":"https:\/\/pubeurope.com\/@fr\/115641888587827843","error":""},"_links":{"self":[{"href":"https:\/\/www.europesays.com\/fr\/wp-json\/wp\/v2\/posts\/570050","targetHints":{"allow":["GET"]}}],"collection":[{"href":"https:\/\/www.europesays.com\/fr\/wp-json\/wp\/v2\/posts"}],"about":[{"href":"https:\/\/www.europesays.com\/fr\/wp-json\/wp\/v2\/types\/post"}],"author":[{"embeddable":true,"href":"https:\/\/www.europesays.com\/fr\/wp-json\/wp\/v2\/users\/2"}],"replies":[{"embeddable":true,"href":"https:\/\/www.europesays.com\/fr\/wp-json\/wp\/v2\/comments?post=570050"}],"version-history":[{"count":0,"href":"https:\/\/www.europesays.com\/fr\/wp-json\/wp\/v2\/posts\/570050\/revisions"}],"wp:featuredmedia":[{"embeddable":true,"href":"https:\/\/www.europesays.com\/fr\/wp-json\/wp\/v2\/media\/570051"}],"wp:attachment":[{"href":"https:\/\/www.europesays.com\/fr\/wp-json\/wp\/v2\/media?parent=570050"}],"wp:term":[{"taxonomy":"category","embeddable":true,"href":"https:\/\/www.europesays.com\/fr\/wp-json\/wp\/v2\/categories?post=570050"},{"taxonomy":"post_tag","embeddable":true,"href":"https:\/\/www.europesays.com\/fr\/wp-json\/wp\/v2\/tags?post=570050"}],"curies":[{"name":"wp","href":"https:\/\/api.w.org\/{rel}","templated":true}]}}