{"id":570052,"date":"2025-12-01T02:12:14","date_gmt":"2025-12-01T02:12:14","guid":{"rendered":"https:\/\/www.europesays.com\/fr\/570052\/"},"modified":"2025-12-01T02:12:14","modified_gmt":"2025-12-01T02:12:14","slug":"ces-3-repliques-des-tuche-que-les-francais-adorent-sortir-meme-sans-sen-rendre-compte","status":"publish","type":"post","link":"https:\/\/www.europesays.com\/fr\/570052\/","title":{"rendered":"ces 3 r\u00e9pliques des Tuche que les Fran\u00e7ais adorent sortir (m\u00eame sans s\u2019en rendre compte)"},"content":{"rendered":"<p>Cela fait d\u00e9j\u00e0 14 ans que les Tuche ont d\u00e9barqu\u00e9 dans nos vies. Cette famille, rigolote, attachante, et diablement riche, a \u00e9volu\u00e9 depuis sa premi\u00e8re apparition sur grand \u00e9cran en 2011. Jeff, Cathy et leurs enfants sont revenus dans un cinqui\u00e8me volet d\u00e9but 2025. Leurs aventures les emm\u00e8nent en Angleterre, o\u00f9 le petit-fils devra faire ses preuves pour entrer dans l\u2019\u00e9quipe de football d\u2019Arsenal.<\/p>\n<p>\u00c0\u00a0cette occasion, TF1 a d\u00e9cid\u00e9 de diffuser<strong> Les Tuche 4<\/strong>, un puissant condens\u00e9 de memes et de r\u00e9f\u00e9rences (tout comme les autres volets). Si vous n\u2019avez pas encore regard\u00e9 <strong>God Save the Tuche<\/strong> et que vous pr\u00e9f\u00e9rez rejoindre les rangs des nostalgiques, on vous propose de passer en revue les expressions les plus cultes des pr\u00e9c\u00e9dents films de la saga. Voici notre top 3 de celles qu\u2019on utilise le plus dans la vie de tous les jours.<\/p>\n<p> 1. La classique <\/p>\n<p>On vous le demande\u00a0: qui, depuis 2011, n\u2019utilise pas de mani\u00e8re presque quotidienne l\u2019expression \u201cdes frites, des frites, des frites\u00a0!\u201d au moment de passer \u00e0 table\u00a0? Certainement pas nous. On doit cette phrase iconique au tout premier film Les Tuche, quelques minutes avant que la famille apprenne avoir gagn\u00e9 une somme astronomique au loto. Cette locution est devenue un incontournable des repas lorsque les assiettes se font attendre. Il faut \u00e9videmment l\u2019accompagner d\u2019un tappage de poing sur la table, sinon le meme ne serait pas complet.<\/p>\n<p>On peut aussi citer le fait que les frites soient faites \u00e0 partir de pommes de la terre, une alternative \u00e0 la fameuse \u201cpatate\u201d. Cette phrase est prononc\u00e9e par Cathy Tuche dans le troisi\u00e8me volet lorsque la famille habite \u00e0 l\u2019Elys\u00e9e suite \u00e0 l\u2019\u00e9lection du patriarche \u00e0 la t\u00eate de l\u2019\u00e9tat fran\u00e7ais.<\/p>\n<p>    <a href=\"https:\/\/www.youtube.com\/user\/JournalduGeek?sub_confirmation=1\" target=\"_blank\" rel=\"nofollow noopener\"><br \/>\n        S&rsquo;abonner \u00e0 Journal du Geek<br \/>\n    <\/a> 2. La ref \u00e9pic\u00e9e <\/p>\n<p>Et on mange quoi avec des frites\u00a0? De la sauce Samoura\u00ef \u00e9videmment. Dans Les Tuche 3, Jeff apprend au chef de la r\u00e9sidence pr\u00e9sidentielle ce qu\u2019est la sauce Samoura\u00ef : \u201cla mayonnaise qui pique, qui pique. C\u2019est tellement fort que t\u2019as les yeux qui piquent, SAMOURA\u00cf !\u201d On ne pourrait pas dire mieux. Est-ce qu\u2019on criera de mani\u00e8re inctr\u00f4l\u00e9e le mot samoura\u00ef lors de nos sessions de jeux sur <a href=\"https:\/\/www.journaldugeek.com\/2025\/02\/14\/assassins-creed-shadows-malgre-les-polemiques-les-precommandes-semblent-etre-un-grand-succes\/\" target=\"_blank\" rel=\"noopener\">Assassin\u2019s Creed Shadows<\/a>\u00a0? Bien s\u00fbr.<\/p>\n<p>  3. Notre excuse pour tout <\/p>\n<p>En 2025, on oublie les excuses bidons pour ne pas aller aux \u00e9v\u00e8nements planifi\u00e9s dans notre calendrier, et on adopte la transparence de Jeff Tuche. Ch\u00f4meur inv\u00e9t\u00e9r\u00e9, l\u2019inaction est dans son ADN de p\u00e8re en fils et ce depuis des g\u00e9n\u00e9rations. Quand on lui demande un service, c\u2019est donc avec un naturel qu\u2019il r\u00e9pond\u00a0: \u201cJe peux pas, j\u2019ai pas le temps, j\u2019ai rien \u00e0 faire.\u201d<\/p>\n<p>C\u2019est une expression qu\u2019on utilise tellement souvent qu\u2019on aurait pu oublier que c\u2019est le grand manitou Jean-Paul Rouve qui l\u2019a prononc\u00e9e en premier dans le premier film de la saga. La phrase est aussi culte que \u201cje peux pas, j\u2019ai aqua poney\u201d ou \u201cje peux pas, j\u2019ai piscine\u201d, sauf qu\u2019elle est bien plus honn\u00eate.<\/p>\n<p>  Bonus\u00a0: on joue sur les chiffres <\/p>\n<p>Tu peux faire une ref, mais pas quinze (ah oui, on parie\u00a0?). Comme on veut laisser personne sur la tuche, on s\u2019autorise une derni\u00e8re citation. Celle-ci a le m\u00e9rite d\u2019\u00eatre utilis\u00e9e dans n\u2019importe quelle situation tant qu\u2019elle peut \u00eatre adapt\u00e9e. Il s\u2019agit de la sc\u00e8ne mythique des cartes bancaires dans Les Tuche 2. Jeff se rend soudainement compte qu\u2019il a perdu non pas une, ni deux, mais ses 15 cartes de cr\u00e9dit, d\u2019un seul coup. \u00c9videmment, quand on les range toutes au m\u00eame endroit\u2026 Elle se d\u00e9cline \u00e0 l\u2019infini tant que les chiffres sont \u00e0 l\u2019honneur, alors n\u2019h\u00e9sitez pas \u00e0 l\u2019utiliser, plut\u00f4t quinze fois qu\u2019une.<\/p>\n<blockquote>\n<p class=\"text-base text-neutral-700 dark:text-neutral-300\">\ud83d\udfe3 Pour ne manquer aucune news sur le Journal du Geek, abonnez-vous sur <a href=\"https:\/\/news.google.com\/publications\/CAAqBwgKMNr_hAswwYyCAw?hl=fr&amp;gl=FR&amp;ceid=FR%3Afr\" target=\"_blank\" rel=\"noopener\">Google Actualit\u00e9s<\/a> et sur <a href=\"https:\/\/whatsapp.com\/channel\/0029VaClM5y4tRry12tb7D2h\" target=\"_blank\" rel=\"noopener\">notre WhatsApp<\/a>. Et si vous nous adorez, on a <a href=\"https:\/\/www.journaldugeek.com\/newsletter\/\" target=\"_blank\" rel=\"noopener\">une newsletter tous les matins<\/a>.<\/p>\n<\/blockquote>\n","protected":false},"excerpt":{"rendered":"Cela fait d\u00e9j\u00e0 14 ans que les Tuche ont d\u00e9barqu\u00e9 dans nos vies. Cette famille, rigolote, attachante, et&hellip;\n","protected":false},"author":2,"featured_media":570053,"comment_status":"","ping_status":"","sticky":false,"template":"","format":"standard","meta":{"footnotes":""},"categories":[1354],"tags":[58,59,2081,1346,1011,27,5517,1360],"class_list":{"0":"post-570052","1":"post","2":"type-post","3":"status-publish","4":"format-standard","5":"has-post-thumbnail","7":"category-films","8":"tag-divertissement","9":"tag-entertainment","10":"tag-film","11":"tag-films","12":"tag-fr","13":"tag-france","14":"tag-les-tuche","15":"tag-movies"},"share_on_mastodon":{"url":"https:\/\/pubeurope.com\/@fr\/115641892652466103","error":""},"_links":{"self":[{"href":"https:\/\/www.europesays.com\/fr\/wp-json\/wp\/v2\/posts\/570052","targetHints":{"allow":["GET"]}}],"collection":[{"href":"https:\/\/www.europesays.com\/fr\/wp-json\/wp\/v2\/posts"}],"about":[{"href":"https:\/\/www.europesays.com\/fr\/wp-json\/wp\/v2\/types\/post"}],"author":[{"embeddable":true,"href":"https:\/\/www.europesays.com\/fr\/wp-json\/wp\/v2\/users\/2"}],"replies":[{"embeddable":true,"href":"https:\/\/www.europesays.com\/fr\/wp-json\/wp\/v2\/comments?post=570052"}],"version-history":[{"count":0,"href":"https:\/\/www.europesays.com\/fr\/wp-json\/wp\/v2\/posts\/570052\/revisions"}],"wp:featuredmedia":[{"embeddable":true,"href":"https:\/\/www.europesays.com\/fr\/wp-json\/wp\/v2\/media\/570053"}],"wp:attachment":[{"href":"https:\/\/www.europesays.com\/fr\/wp-json\/wp\/v2\/media?parent=570052"}],"wp:term":[{"taxonomy":"category","embeddable":true,"href":"https:\/\/www.europesays.com\/fr\/wp-json\/wp\/v2\/categories?post=570052"},{"taxonomy":"post_tag","embeddable":true,"href":"https:\/\/www.europesays.com\/fr\/wp-json\/wp\/v2\/tags?post=570052"}],"curies":[{"name":"wp","href":"https:\/\/api.w.org\/{rel}","templated":true}]}}