{"id":570054,"date":"2025-12-01T02:13:19","date_gmt":"2025-12-01T02:13:19","guid":{"rendered":"https:\/\/www.europesays.com\/fr\/570054\/"},"modified":"2025-12-01T02:13:19","modified_gmt":"2025-12-01T02:13:19","slug":"cette-liste-choc-de-10-aliments-quon-devrait-tous-eviter","status":"publish","type":"post","link":"https:\/\/www.europesays.com\/fr\/570054\/","title":{"rendered":"cette liste choc de 10 aliments qu\u2019on devrait tous \u00e9viter"},"content":{"rendered":"<p>Pourquoi \u00e9viter les fruits hors<br \/>\nsaison ?<\/p>\n<p data-start=\"574\" data-end=\"1026\">Manger des fruits toute l\u2019ann\u00e9e<br \/>\nsemble pratique, mais derri\u00e8re cette abondance se cache une r\u00e9alit\u00e9<br \/>\nbien moins app\u00e9tissante. Les <a href=\"https:\/\/www.modesettravaux.fr\/beaute-bien-etre\/minceur\/perdre-du-poids-apres-40-ans-ces-2-fruits-sont-les-plus-efficaces-pour-eliminer-la-graisse-plus-vite-160596.html\" target=\"_blank\" rel=\"noopener\"><br \/>\nfruits<\/a> d\u2019\u00e9t\u00e9 propos\u00e9s en hiver proviennent la plupart du temps<br \/>\nde cultures sous serre, souvent situ\u00e9es en Espagne, au Maroc ou<br \/>\nencore en Am\u00e9rique du Sud. Ils sont r\u00e9colt\u00e9s avant maturit\u00e9,<br \/>\nparfois transport\u00e9s sur plusieurs milliers de kilom\u00e8tres, et<br \/>\nsouvent trait\u00e9s avec des pesticides pour r\u00e9sister au voyage.<\/p>\n<p data-start=\"1028\" data-end=\"1463\">R\u00e9sultat : des fruits au go\u00fbt<br \/>\nfade, \u00e0 la texture caoutchouteuse, et surtout appauvris en<br \/>\nnutriments essentiels. Une tomate d\u2019hiver, par exemple,<br \/>\ncontiendrait deux fois moins de vitamine C qu\u2019une tomate de saison<br \/>\nselon l\u2019Agence nationale de s\u00e9curit\u00e9 sanitaire (Anses). M\u00eame<br \/>\nconstat pour les fraises ou les abricots cultiv\u00e9s sous serre :<br \/>\nmoins de sucres naturels, moins de polyph\u00e9nols antioxydants et plus<br \/>\nde r\u00e9sidus chimiques.<\/p>\n<p>Les 10 fruits \u00e0 bannir de vos<br \/>\nassiettes en hiver<\/p>\n<p data-start=\"1520\" data-end=\"1718\">Voici la liste des principaux<br \/>\nfruits qu\u2019il vaut mieux \u00e9viter pendant la saison froide, non<br \/>\nseulement pour leur faible valeur nutritionnelle, mais aussi pour<br \/>\nleur impact \u00e9cologique d\u00e9sastreux :<\/p>\n<ul data-start=\"1720\" data-end=\"1860\">\n<li data-start=\"1720\" data-end=\"1735\">\n<p data-start=\"1722\" data-end=\"1735\">La past\u00e8que<\/p>\n<\/li>\n<li data-start=\"1736\" data-end=\"1748\">\n<p data-start=\"1738\" data-end=\"1748\">La p\u00eache<\/p>\n<\/li>\n<li data-start=\"1749\" data-end=\"1762\">\n<p data-start=\"1751\" data-end=\"1762\">Le cassis<\/p>\n<\/li>\n<li data-start=\"1763\" data-end=\"1776\">\n<p data-start=\"1765\" data-end=\"1776\">L\u2019abricot<\/p>\n<\/li>\n<li data-start=\"1777\" data-end=\"1788\">\n<p data-start=\"1779\" data-end=\"1788\">La m\u00fbre<\/p>\n<\/li>\n<li data-start=\"1789\" data-end=\"1802\">\n<p data-start=\"1791\" data-end=\"1802\">La cerise<\/p>\n<\/li>\n<li data-start=\"1803\" data-end=\"1816\">\n<p data-start=\"1805\" data-end=\"1816\">Le raisin<\/p>\n<\/li>\n<li data-start=\"1817\" data-end=\"1829\">\n<p data-start=\"1819\" data-end=\"1829\">La figue<\/p>\n<\/li>\n<li data-start=\"1830\" data-end=\"1846\">\n<p data-start=\"1832\" data-end=\"1846\">La groseille<\/p>\n<\/li>\n<li data-start=\"1847\" data-end=\"1860\">\n<p data-start=\"1849\" data-end=\"1860\">La tomate<\/p>\n<\/li>\n<\/ul>\n<p data-start=\"1862\" data-end=\"2197\">Ces fruits appartiennent tous<br \/>\naux saisons chaudes. Consomm\u00e9s en hiver, ils ne m\u00fbrissent pas<br \/>\nnaturellement et perdent donc leur int\u00e9r\u00eat gustatif et<br \/>\nnutritionnel. En prime, leur transport longue distance contribue \u00e0<br \/>\nalourdir notre empreinte carbone \u2014 un point souvent soulign\u00e9 par<br \/>\nl\u2019Ademe, l\u2019Agence de la transition \u00e9cologique.<\/p>\n<p data-start=\"2199\" data-end=\"2419\">Trois exceptions subsistent<br \/>\ntoutefois : le melon, la framboise et la mangue. Ces fruits se<br \/>\ncong\u00e8lent bien et peuvent \u00eatre consomm\u00e9s sans perdre trop de<br \/>\nqualit\u00e9s nutritionnelles lorsqu\u2019ils sont stock\u00e9s correctement.<\/p>\n<p>Privil\u00e9gier les fruits de<br \/>\nsaison : un choix gagnant<\/p>\n<p data-start=\"2479\" data-end=\"2637\">Heureusement, l\u2019hiver n\u2019est<br \/>\npas une saison sans saveur. De nombreux fruits apportent vitalit\u00e9<br \/>\net <a href=\"https:\/\/www.modesettravaux.fr\/beaute-bien-etre\/fatigue-trous-de-memoire-fourmillements-apres-50-ans-ce-manque-de-vitamine-b12-que-vous-ne-devez-plus-ignorer-160120.html\" target=\"_blank\" rel=\"noopener\"><br \/>\nvitamines<\/a> au moment o\u00f9 notre organisme en a le plus besoin.<\/p>\n<p data-start=\"2639\" data-end=\"2700\">Voici ceux que les<br \/>\ndi\u00e9t\u00e9ticiens recommandent sans h\u00e9siter :<\/p>\n<ul data-start=\"2701\" data-end=\"3225\">\n<li data-start=\"2701\" data-end=\"2756\">\n<p data-start=\"2703\" data-end=\"2756\">Le kiwi, riche en vitamine C<br \/>\n(plus qu\u2019une orange !)<\/p>\n<\/li>\n<li data-start=\"2757\" data-end=\"2838\">\n<p data-start=\"2759\" data-end=\"2838\">L\u2019orange et la cl\u00e9mentine,<br \/>\nparfaites pour renforcer les d\u00e9fenses immunitaires<\/p>\n<\/li>\n<li data-start=\"2839\" data-end=\"2878\">\n<p data-start=\"2841\" data-end=\"2878\">Le citron, aux vertus<br \/>\nd\u00e9toxifiantes<\/p>\n<\/li>\n<li data-start=\"2879\" data-end=\"2941\">\n<p data-start=\"2881\" data-end=\"2941\">La pomme et la poire, bourr\u00e9es<br \/>\nde fibres et d\u2019antioxydants<\/p>\n<\/li>\n<li data-start=\"2942\" data-end=\"3000\">\n<p data-start=\"2944\" data-end=\"3000\">Le kaki et la grenade, pour un<br \/>\napport en b\u00eata-carot\u00e8ne<\/p>\n<\/li>\n<li data-start=\"3001\" data-end=\"3075\">\n<p data-start=\"3003\" data-end=\"3075\">Le litchi et le fruit de la<br \/>\npassion, pour un peu d\u2019exotisme sans exc\u00e8s<\/p>\n<\/li>\n<li data-start=\"3076\" data-end=\"3109\">\n<p data-start=\"3078\" data-end=\"3109\">L\u2019avocat, source de bons<br \/>\ngras<\/p>\n<\/li>\n<li data-start=\"3110\" data-end=\"3162\">\n<p data-start=\"3112\" data-end=\"3162\">L\u2019ananas, digestif et<br \/>\nanti-inflammatoire naturel<\/p>\n<\/li>\n<li data-start=\"3163\" data-end=\"3225\">\n<p data-start=\"3165\" data-end=\"3225\">La ch\u00e2taigne, v\u00e9ritable<br \/>\ncarburant \u00e9nerg\u00e9tique pour l\u2019hiver<\/p>\n<\/li>\n<\/ul>\n<p data-start=\"3227\" data-end=\"3456\">Ces fruits d\u2019hiver sont<br \/>\nmeilleurs pour la sant\u00e9, meilleurs pour la plan\u00e8te, et surtout bien<br \/>\nplus savoureux. Cultiv\u00e9s localement, ils gardent leurs nutriments,<br \/>\ntout en soutenant les producteurs fran\u00e7ais et europ\u00e9ens.<\/p>\n<p>L\u2019impact \u00e9cologique d\u2019un<br \/>\nsimple fruit<\/p>\n<p data-start=\"3502\" data-end=\"3777\">Selon une \u00e9tude de l\u2019Inrae, un<br \/>\nkilo de fruits exotiques import\u00e9s par avion peut g\u00e9n\u00e9rer jusqu\u2019\u00e0 30<br \/>\nfois plus d\u2019\u00e9missions de CO\u2082 qu\u2019un kilo de pommes locales. Manger<br \/>\nde saison n\u2019est donc pas seulement une question de sant\u00e9, mais<br \/>\naussi de responsabilit\u00e9 environnementale.<\/p>\n<p data-start=\"3779\" data-end=\"4020\">Un petit geste comme remplacer<br \/>\nune barquette de fraises d\u2019hiver par des cl\u00e9mentines corses ou des<br \/>\npommes fran\u00e7aises suffit \u00e0 r\u00e9duire consid\u00e9rablement son empreinte<br \/>\ncarbone \u2014 tout en red\u00e9couvrant les saveurs v\u00e9ritables des fruits de<br \/>\nsaison.<\/p>\n<p>L\u2019hiver, un moment pour ralentir et red\u00e9couvrir la nature<\/p>\n<p data-start=\"4086\" data-end=\"4445\">Manger selon les <a href=\"https:\/\/www.modesettravaux.fr\/beaute-bien-etre\/minceur\/perdre-du-poids-ce-legume-brule-graisses-de-saison-est-parfait-pour-alleger-les-repas-de-fin-dannee-sans-frustration-159918.html\" target=\"_blank\" rel=\"noopener\"><br \/>\nsaisons<\/a>, c\u2019est aussi se reconnecter au rythme naturel de la<br \/>\nterre. L\u2019hiver invite \u00e0 ralentir, \u00e0 se r\u00e9chauffer, \u00e0 consommer<br \/>\ndiff\u00e9remment. Et cela commence dans l\u2019assiette. En troquant les<br \/>\nfruits d\u2019\u00e9t\u00e9 pour ceux de l\u2019hiver, vous soutenez une agriculture<br \/>\nplus durable, vous \u00e9conomisez sur le transport et vous redonnez du<br \/>\nsens \u00e0 vos repas.<\/p>\n<p data-start=\"4447\" data-end=\"4586\">En somme, mieux vaut savourer<br \/>\nune poire bien juteuse ou un kiwi local que de croquer une fraise<br \/>\nsans go\u00fbt venue de l\u2019autre bout du monde.<\/p>\n","protected":false},"excerpt":{"rendered":"Pourquoi \u00e9viter les fruits hors saison ? Manger des fruits toute l\u2019ann\u00e9e semble pratique, mais derri\u00e8re cette abondance&hellip;\n","protected":false},"author":2,"featured_media":570055,"comment_status":"","ping_status":"","sticky":false,"template":"","format":"standard","meta":{"footnotes":""},"categories":[10],"tags":[39668,1011,27,72,71],"class_list":{"0":"post-570054","1":"post","2":"type-post","3":"status-publish","4":"format-standard","5":"has-post-thumbnail","7":"category-sante","8":"tag-discop","9":"tag-fr","10":"tag-france","11":"tag-health","12":"tag-sante"},"share_on_mastodon":{"url":"https:\/\/pubeurope.com\/@fr\/115641896511724351","error":""},"_links":{"self":[{"href":"https:\/\/www.europesays.com\/fr\/wp-json\/wp\/v2\/posts\/570054","targetHints":{"allow":["GET"]}}],"collection":[{"href":"https:\/\/www.europesays.com\/fr\/wp-json\/wp\/v2\/posts"}],"about":[{"href":"https:\/\/www.europesays.com\/fr\/wp-json\/wp\/v2\/types\/post"}],"author":[{"embeddable":true,"href":"https:\/\/www.europesays.com\/fr\/wp-json\/wp\/v2\/users\/2"}],"replies":[{"embeddable":true,"href":"https:\/\/www.europesays.com\/fr\/wp-json\/wp\/v2\/comments?post=570054"}],"version-history":[{"count":0,"href":"https:\/\/www.europesays.com\/fr\/wp-json\/wp\/v2\/posts\/570054\/revisions"}],"wp:featuredmedia":[{"embeddable":true,"href":"https:\/\/www.europesays.com\/fr\/wp-json\/wp\/v2\/media\/570055"}],"wp:attachment":[{"href":"https:\/\/www.europesays.com\/fr\/wp-json\/wp\/v2\/media?parent=570054"}],"wp:term":[{"taxonomy":"category","embeddable":true,"href":"https:\/\/www.europesays.com\/fr\/wp-json\/wp\/v2\/categories?post=570054"},{"taxonomy":"post_tag","embeddable":true,"href":"https:\/\/www.europesays.com\/fr\/wp-json\/wp\/v2\/tags?post=570054"}],"curies":[{"name":"wp","href":"https:\/\/api.w.org\/{rel}","templated":true}]}}