{"id":570064,"date":"2025-12-01T02:18:16","date_gmt":"2025-12-01T02:18:16","guid":{"rendered":"https:\/\/www.europesays.com\/fr\/570064\/"},"modified":"2025-12-01T02:18:16","modified_gmt":"2025-12-01T02:18:16","slug":"apres-les-discussions-ukraine-etats-unis-en-floride-des-points-dachoppement-perdurent","status":"publish","type":"post","link":"https:\/\/www.europesays.com\/fr\/570064\/","title":{"rendered":"Apr\u00e8s les discussions Ukraine-\u00c9tats-Unis en Floride, des points d\u2019achoppement perdurent"},"content":{"rendered":"<p>        <img decoding=\"async\" loading=\"lazy\" src=\"https:\/\/www.europesays.com\/fr\/wp-content\/uploads\/2025\/12\/818f25f_upload-1-nxkd8s7vovxq-afp-20251130-86m33u7-v1-highres-ustopofficialsrubioandwitkoffmeetwitha.jpeg\"  width=\"728\" height=\"409\" alt=\"Le secr\u00e9taire d\u2019\u00c9tat am\u00e9ricain Marco Rubio, entour\u00e9 de l\u2019envoy\u00e9 sp\u00e9cial de la Maison Blanche Steve Witkoff et de Jared Kushner, lors d\u2019une r\u00e9union avec des responsables ukrainiens \u00e0 Hallandale Beach, en Floride, le 30\u00a0novembre 2025. \"\/>  <\/p>\n<p>CHANDAN KHANNA \/ AFP<\/p>\n<p>Le secr\u00e9taire d\u2019\u00c9tat am\u00e9ricain Marco Rubio, entour\u00e9 de l\u2019envoy\u00e9 sp\u00e9cial de la Maison Blanche Steve Witkoff et de Jared Kushner, lors d\u2019une r\u00e9union avec des responsables ukrainiens \u00e0 Hallandale Beach, en Floride, le 30\u00a0novembre 2025. <\/p>\n<p class=\"asset asset-text\">\u00ab\u00a0Il reste encore du travail\u00a0\u00bb, a averti ce dimanche 30\u00a0novembre au soir le chef de la diplomatie am\u00e9ricaine, <a href=\"https:\/\/www.huffingtonpost.fr\/international\/video\/gaza-israel-intensifie-les-bombardements-juste-apres-le-depart-de-rubio_254866.html\" target=\"_blank\" rel=\"noopener\">Marco Rubio<\/a>. Malgr\u00e9 des discussions jug\u00e9es \u00ab\u00a0productives\u00a0\u00bb entre n\u00e9gociateurs ukrainiens et hauts responsables am\u00e9ricains autour du<a href=\"https:\/\/www.huffingtonpost.fr\/international\/article\/trump-accuse-de-favoriser-la-russie-au-detriment-de-l-ukraine-la-maison-blanche-repond_257498.html\" target=\"_blank\" rel=\"noopener\"> plan am\u00e9ricain visant \u00e0 mettre fin \u00e0 la guerre avec la Russie<\/a>, de nombreux points d\u2019achoppement perdurent entre les deux camps. Cela n\u2019a pas emp\u00each\u00e9 Donald Trump d\u2019afficher son optimisme, jugeant qu\u2019il y avait de \u00ab\u00a0bonnes chances\u00a0\u00bb pour un accord.<\/p>\n<p class=\"asset asset-text\">\u00ab\u00a0C\u2019est d\u00e9licat. C\u2019est compliqu\u00e9. Il y a beaucoup d\u2019\u00e9l\u00e9ments en jeu et il est \u00e9vident qu\u2019une autre partie doit \u00eatre prise en compte dans l\u2019\u00e9quation et cela continuera plus tard cette semaine quand Steve Witkoff se rendra \u00e0 Moscou\u00a0\u00bb, a ajout\u00e9 Marco Rubio lors d\u2019une conf\u00e9rence de presse. Cette r\u00e9union en Floride devait en effet permettre de pr\u00e9parer le terrain pour la visite ce lundi de l\u2019envoy\u00e9 du pr\u00e9sident am\u00e9ricain, Steve Witkoff, en Russie.<\/p>\n<p class=\"asset asset-text\">Le chef des n\u00e9gociateurs ukrainiens, Roustem Oumerov, a aussi d\u00e9crit les discussions comme \u00ab\u00a0productives et r\u00e9ussies\u00a0\u00bb et le pr\u00e9sident ukrainien Volodymyr Zelensky a salu\u00e9 de \u00ab\u00a0premiers r\u00e9sultats\u00a0\u00bb. Mais plus t\u00f4t, une source proche de la d\u00e9l\u00e9gation ukrainienne avait affirm\u00e9 \u00e0 l\u2019AFP que les n\u00e9gociations n\u2019\u00e9taient \u00ab\u00a0pas faciles\u00a0\u00bb entre Am\u00e9ricains et Ukrainiens.<\/p>\n<p>    \u00ab\u00a0L\u2019objectif final n\u2019est pas seulement la fin de la guerre\u00a0\u00bb    <\/p>\n<p class=\"asset asset-text\">Une autre source haut plac\u00e9e a d\u00e9clar\u00e9 \u00e0 l\u2019AFP que les Am\u00e9ricains, lors de ces discussions, voulaient que \u00ab\u00a0les points finaux (du plan) soient convenus et qu\u2019ils puissent aller \u00e0 Moscou\u00a0\u00bb. \u00ab\u00a0La formulation (des points, NDLR) est compliqu\u00e9e, principalement concernant les territoires, car (les Am\u00e9ricains) se voient exclusivement comme des m\u00e9diateurs et pas comme une partie\u00a0\u00bb soutenant Kiev, a ajout\u00e9 cette deuxi\u00e8me source.<\/p>\n<p class=\"asset asset-text\">Les territoires annex\u00e9s par la Russie sont de fait l\u2019un des obstacles \u00e0 la paix en Ukraine.<a href=\"https:\/\/www.huffingtonpost.fr\/international\/article\/guerre-en-ukraine-avec-le-plan-de-paix-de-trump-zelensky-se-trouve-sur-une-ligne-de-crete_257391.html\" target=\"_blank\" rel=\"noopener\"> Le plan initial en 28\u00a0points pr\u00e9sent\u00e9 par Donald Trump<\/a>, visant \u00e0 mettre fin au conflit\u00a0et jug\u00e9 largement en faveur de la Russie, contenait notamment la reconnaissance\u00a0\u00ab\u00a0de facto comme russes\u00a0\u00bb\u00a0des deux r\u00e9gions de\u00a0<a href=\"https:\/\/www.huffingtonpost.fr\/international\/article\/guerre-en-ukraine-ces-territoires-revendiques-par-la-russie-et-au-c-ur-du-sommet-trump-poutine-en-alaska_253626.html\" target=\"_blank\" rel=\"noopener\">Louhansk et Donetsk<\/a>, dans le Donbass.<\/p>\n<p class=\"asset asset-text\">Les deux autres points sensibles des discussions sont \u00ab\u00a0l\u2019adh\u00e9sion de l\u2019Ukraine \u00e0 l\u2019Otan et les capacit\u00e9s militaires de l\u2019Ukraine\u00a0\u00bb, rappelle Alex Monnier, correspondant \u00e0 Washington pour BFMTV.<\/p>\n<p class=\"asset asset-text\">\u00ab\u00a0L\u2019objectif final n\u2019est pas seulement la fin de la guerre, a encore d\u00e9clar\u00e9 Marco Rubio pour expliquer la lenteur et les difficult\u00e9s rencontr\u00e9es lors des pourparlers. Il s\u2019agit \u00e9galement de garantir une fin \u00e0 la guerre qui permette \u00e0 l\u2019Ukraine de rester souveraine et ind\u00e9pendante, et lui offre une v\u00e9ritable opportunit\u00e9 de prosp\u00e9rit\u00e9.\u00a0\u00bb Et de conclure\u00a0: \u00ab\u00a0Je pense que nous avons pos\u00e9 les bases aujourd\u2019hui, mais il reste encore beaucoup \u00e0 faire.\u00a0\u00bb<\/p>\n","protected":false},"excerpt":{"rendered":"CHANDAN KHANNA \/ AFP Le secr\u00e9taire d\u2019\u00c9tat am\u00e9ricain Marco Rubio, entour\u00e9 de l\u2019envoy\u00e9 sp\u00e9cial de la Maison Blanche&hellip;\n","protected":false},"author":2,"featured_media":570065,"comment_status":"","ping_status":"","sticky":false,"template":"","format":"standard","meta":{"footnotes":""},"categories":[5],"tags":[11,73,1011,27,131,14,12,220,28],"class_list":{"0":"post-570064","1":"post","2":"type-post","3":"status-publish","4":"format-standard","5":"has-post-thumbnail","7":"category-international","8":"tag-actualites","9":"tag-etats-unis","10":"tag-fr","11":"tag-france","12":"tag-guerre-en-ukraine","13":"tag-international","14":"tag-news","15":"tag-ukraine","16":"tag-world"},"share_on_mastodon":{"url":"https:\/\/pubeurope.com\/@fr\/115641917384838608","error":""},"_links":{"self":[{"href":"https:\/\/www.europesays.com\/fr\/wp-json\/wp\/v2\/posts\/570064","targetHints":{"allow":["GET"]}}],"collection":[{"href":"https:\/\/www.europesays.com\/fr\/wp-json\/wp\/v2\/posts"}],"about":[{"href":"https:\/\/www.europesays.com\/fr\/wp-json\/wp\/v2\/types\/post"}],"author":[{"embeddable":true,"href":"https:\/\/www.europesays.com\/fr\/wp-json\/wp\/v2\/users\/2"}],"replies":[{"embeddable":true,"href":"https:\/\/www.europesays.com\/fr\/wp-json\/wp\/v2\/comments?post=570064"}],"version-history":[{"count":0,"href":"https:\/\/www.europesays.com\/fr\/wp-json\/wp\/v2\/posts\/570064\/revisions"}],"wp:featuredmedia":[{"embeddable":true,"href":"https:\/\/www.europesays.com\/fr\/wp-json\/wp\/v2\/media\/570065"}],"wp:attachment":[{"href":"https:\/\/www.europesays.com\/fr\/wp-json\/wp\/v2\/media?parent=570064"}],"wp:term":[{"taxonomy":"category","embeddable":true,"href":"https:\/\/www.europesays.com\/fr\/wp-json\/wp\/v2\/categories?post=570064"},{"taxonomy":"post_tag","embeddable":true,"href":"https:\/\/www.europesays.com\/fr\/wp-json\/wp\/v2\/tags?post=570064"}],"curies":[{"name":"wp","href":"https:\/\/api.w.org\/{rel}","templated":true}]}}