{"id":570073,"date":"2025-12-01T02:25:16","date_gmt":"2025-12-01T02:25:16","guid":{"rendered":"https:\/\/www.europesays.com\/fr\/570073\/"},"modified":"2025-12-01T02:25:16","modified_gmt":"2025-12-01T02:25:16","slug":"maison-des-soeurs-macarons-une-saint-nicolas-a-croquer","status":"publish","type":"post","link":"https:\/\/www.europesays.com\/fr\/570073\/","title":{"rendered":"Maison des S\u0153urs Macarons\u00a0: une Saint-Nicolas \u00e0 croquer\u00a0!"},"content":{"rendered":"<p>Chez Nicolas G\u00e9not, les vitrines se garnissent de sp\u00e9cialit\u00e9s aux parfums d\u2019enfance. Macarons embl\u00e9matiques, pains d\u2019\u00e9pices savoureux, chocolats d\u00e9licatement moul\u00e9s\u00a0: chaque pi\u00e8ce est une promesse de gourmandise et d\u2019authenticit\u00e9.<\/p>\n<p>  <strong>Saint Nicolas aux brisures de macaron<\/strong><\/p>\n<p><strong><br \/><\/strong>Cette ann\u00e9e, une nouveaut\u00e9 a fait son apparition\u00a0: un saint Nicolas de 15 cm au chocolat noir ou au lait garni d\u2019un pralin\u00e9 amande aux brisures de macaron. Une cr\u00e9ation in\u00e9dite et exclusive disponible uniquement en boutique \u2013 au 21 rue Gambetta \u00e0 Nancy \u2013 sa fragilit\u00e9 \u00e9tant \u00e0 l\u2019image de sa finesse.<\/p>\n<p>La cr\u00e9ation en c\u00f4toie d\u2019autres\u00a0: des moulages de saint Nicolas de diff\u00e9rents formats (de 11 cm \u00e0 40 cm) en chocolat noir, lait ou blanc ou en p\u00e2te d\u2019amande, des \u00e9toiles en pain d\u2019\u00e9pices enrob\u00e9es de chocolat noir et de jolis pochons surprise \u2013 deux mod\u00e8les au choix\u00a0: \u00ab\u00a0petite maison\u00a0\u00bb ou \u00ab\u00a0saint Nicolas\u00a0\u00bb \u2013 garnis des sp\u00e9cialit\u00e9s confectionn\u00e9es pour la p\u00e9riode.<\/p>\n<p>Tous ces produits sont le reflet d\u2019une m\u00eame exigence\u00a0: celle d\u2019un artisan passionn\u00e9, perp\u00e9tuant des recettes traditionnelles maison\u2026 \u00e0 l\u2019image du pain d\u2019\u00e9pices. Propos\u00e9 en Saint-Nicolas et en bourrique, il se compose notamment d\u2019\u0153ufs frais, de plus de 30\u00a0% de miel, de marmelade d\u2019oranges et d\u2019un m\u00e9lange subtil d\u2019\u00e9pices \u2013 cannelle, muscade, anis \u2013 \u00e9labor\u00e9 sur place. Une merveille au go\u00fbt \u00e9quilibr\u00e9\u00a0!<\/p>\n<p>Ce contenu est bloqu\u00e9 car vous n&rsquo;avez pas accept\u00e9 les cookies et autres traceurs.<\/p>\n<p>En cliquant sur \u00ab J\u2019accepte \u00bb, les cookies et autres traceurs seront d\u00e9pos\u00e9s et vous pourrez visualiser les contenus  (<a href=\"\" class=\"consentModule_policy\" target=\"_blank\" title=\"Consulter la politique de protection des donn\u00e9es du fournisseur\">plus d&rsquo;informations<\/a>).<\/p>\n<p>En cliquant sur \u00ab J\u2019accepte tous les cookies \u00bb, vous autorisez des d\u00e9p\u00f4ts de cookies et autres traceurs pour le stockage de vos donn\u00e9es sur nos sites et applications \u00e0 des fins de personnalisation et de ciblage publicitaire.<\/p>\n<p class=\"consentModule_secondaryText\">Vous gardez la possibilit\u00e9 de retirer votre consentement \u00e0 tout moment en consultant notre <a href=\"https:\/\/www.estrepublicain.fr\/protection-des-donnees\" target=\"_blank\" title=\"Consulter notre politique de protection des donn\u00e9es\" rel=\"noopener\">politique de protection des donn\u00e9es<\/a>. <br \/>&#13;<br \/>\n            <a href=\"https:\/\/www.estrepublicain.fr\/paroles-de-partenaires\/2025\/12\/01\/javascript:Didomi.notice.show()\" class=\"consentModule_cmp\" target=\"_blank\" rel=\"noopener\">G\u00e9rer mes choix<\/a>&#13;\n        <\/p>\n<p>&#13;<br \/>\n                        J&rsquo;accepte&#13;<br \/>\n            J&rsquo;accepte tous les cookies&#13;\n        <\/p>\n","protected":false},"excerpt":{"rendered":"Chez Nicolas G\u00e9not, les vitrines se garnissent de sp\u00e9cialit\u00e9s aux parfums d\u2019enfance. Macarons embl\u00e9matiques, pains d\u2019\u00e9pices savoureux, chocolats&hellip;\n","protected":false},"author":2,"featured_media":570074,"comment_status":"","ping_status":"","sticky":false,"template":"","format":"standard","meta":{"footnotes":""},"categories":[9635],"tags":[1111,11,7884,1777,674,1011,27,775,1702,12,25],"class_list":{"0":"post-570073","1":"post","2":"type-post","3":"status-publish","4":"format-standard","5":"has-post-thumbnail","7":"category-nancy","8":"tag-actu","9":"tag-actualites","10":"tag-articles-partenaires","11":"tag-eu","12":"tag-europe","13":"tag-fr","14":"tag-france","15":"tag-grand-est","16":"tag-nancy","17":"tag-news","18":"tag-republique-francaise"},"share_on_mastodon":{"url":"https:\/\/pubeurope.com\/@fr\/115641943541359511","error":""},"_links":{"self":[{"href":"https:\/\/www.europesays.com\/fr\/wp-json\/wp\/v2\/posts\/570073","targetHints":{"allow":["GET"]}}],"collection":[{"href":"https:\/\/www.europesays.com\/fr\/wp-json\/wp\/v2\/posts"}],"about":[{"href":"https:\/\/www.europesays.com\/fr\/wp-json\/wp\/v2\/types\/post"}],"author":[{"embeddable":true,"href":"https:\/\/www.europesays.com\/fr\/wp-json\/wp\/v2\/users\/2"}],"replies":[{"embeddable":true,"href":"https:\/\/www.europesays.com\/fr\/wp-json\/wp\/v2\/comments?post=570073"}],"version-history":[{"count":0,"href":"https:\/\/www.europesays.com\/fr\/wp-json\/wp\/v2\/posts\/570073\/revisions"}],"wp:featuredmedia":[{"embeddable":true,"href":"https:\/\/www.europesays.com\/fr\/wp-json\/wp\/v2\/media\/570074"}],"wp:attachment":[{"href":"https:\/\/www.europesays.com\/fr\/wp-json\/wp\/v2\/media?parent=570073"}],"wp:term":[{"taxonomy":"category","embeddable":true,"href":"https:\/\/www.europesays.com\/fr\/wp-json\/wp\/v2\/categories?post=570073"},{"taxonomy":"post_tag","embeddable":true,"href":"https:\/\/www.europesays.com\/fr\/wp-json\/wp\/v2\/tags?post=570073"}],"curies":[{"name":"wp","href":"https:\/\/api.w.org\/{rel}","templated":true}]}}