{"id":570077,"date":"2025-12-01T02:28:15","date_gmt":"2025-12-01T02:28:15","guid":{"rendered":"https:\/\/www.europesays.com\/fr\/570077\/"},"modified":"2025-12-01T02:28:15","modified_gmt":"2025-12-01T02:28:15","slug":"toulon-sur-arroux-pour-bien-connaitre-le-climat-rien-ne-vaut-un-jeu","status":"publish","type":"post","link":"https:\/\/www.europesays.com\/fr\/570077\/","title":{"rendered":"Toulon-sur-Arroux. Pour bien conna\u00eetre le climat, rien ne vaut un jeu"},"content":{"rendered":"<p>Propos\u00e9 par la communaut\u00e9 de communes entre Arroux, Loire et Somme, en partenariat avec <a href=\"https:\/\/www.lejsl.com\/politique\/2021\/01\/26\/le-moulin-des-roches-renforce-son-accueil-et-ses-services\" target=\"_blank\" rel=\"noopener\">le Moulin des roches<\/a> a eu lieu un atelier, cr\u00e9ation d\u2019une fresque du climat. Un outil ludique, scientifique et coop\u00e9ratif pour mieux comprendre les enjeux du climat.<\/p>\n<p>\u00ab\u00a0C\u2019est la fonte des glaciers qui hausse le niveau de l\u2019oc\u00e9an de 20\u00a0cm\u00a0\u00bb<\/p>\n<p>\u00ab Le jeu est bas\u00e9 sur le rapport du Giec (Groupe d\u2019experts intergouvernemental sur l\u2018\u00e9volution du climat)*. Trois r\u00e8gles l\u2019animent\u00a0: la bienveillance, l\u2019\u00e9coute et le droit \u00e0 l\u2019erreur\u00a0\u00bb, explique&#8230;<\/p>\n","protected":false},"excerpt":{"rendered":"Propos\u00e9 par la communaut\u00e9 de communes entre Arroux, Loire et Somme, en partenariat avec le Moulin des roches&hellip;\n","protected":false},"author":2,"featured_media":570078,"comment_status":"","ping_status":"","sticky":false,"template":"","format":"standard","meta":{"footnotes":""},"categories":[9619],"tags":[1111,11,12568,436,1777,674,107,1011,27,14000,12,882,5140,25,2310,13999],"class_list":{"0":"post-570077","1":"post","2":"type-post","3":"status-publish","4":"format-standard","5":"has-post-thumbnail","7":"category-toulon","8":"tag-actu","9":"tag-actualites","10":"tag-edition-montceau-les-mines","11":"tag-environnement","12":"tag-eu","13":"tag-europe","14":"tag-fil-info","15":"tag-fr","16":"tag-france","17":"tag-montceau-les-mines-bassin","18":"tag-news","19":"tag-provence-alpes-cote-dazur","20":"tag-rechauffement-climatique","21":"tag-republique-francaise","22":"tag-toulon","23":"tag-toulon-sur-arroux"},"share_on_mastodon":{"url":"https:\/\/pubeurope.com\/@fr\/115641955370611446","error":""},"_links":{"self":[{"href":"https:\/\/www.europesays.com\/fr\/wp-json\/wp\/v2\/posts\/570077","targetHints":{"allow":["GET"]}}],"collection":[{"href":"https:\/\/www.europesays.com\/fr\/wp-json\/wp\/v2\/posts"}],"about":[{"href":"https:\/\/www.europesays.com\/fr\/wp-json\/wp\/v2\/types\/post"}],"author":[{"embeddable":true,"href":"https:\/\/www.europesays.com\/fr\/wp-json\/wp\/v2\/users\/2"}],"replies":[{"embeddable":true,"href":"https:\/\/www.europesays.com\/fr\/wp-json\/wp\/v2\/comments?post=570077"}],"version-history":[{"count":0,"href":"https:\/\/www.europesays.com\/fr\/wp-json\/wp\/v2\/posts\/570077\/revisions"}],"wp:featuredmedia":[{"embeddable":true,"href":"https:\/\/www.europesays.com\/fr\/wp-json\/wp\/v2\/media\/570078"}],"wp:attachment":[{"href":"https:\/\/www.europesays.com\/fr\/wp-json\/wp\/v2\/media?parent=570077"}],"wp:term":[{"taxonomy":"category","embeddable":true,"href":"https:\/\/www.europesays.com\/fr\/wp-json\/wp\/v2\/categories?post=570077"},{"taxonomy":"post_tag","embeddable":true,"href":"https:\/\/www.europesays.com\/fr\/wp-json\/wp\/v2\/tags?post=570077"}],"curies":[{"name":"wp","href":"https:\/\/api.w.org\/{rel}","templated":true}]}}