{"id":570079,"date":"2025-12-01T02:29:27","date_gmt":"2025-12-01T02:29:27","guid":{"rendered":"https:\/\/www.europesays.com\/fr\/570079\/"},"modified":"2025-12-01T02:29:27","modified_gmt":"2025-12-01T02:29:27","slug":"castelnau-le-lez-municipales-2026-a-gauche-deux-lignes-saffirment-et-les-alliances-se-cristallisent","status":"publish","type":"post","link":"https:\/\/www.europesays.com\/fr\/570079\/","title":{"rendered":"Castelnau-le-Lez, municipales 2026 : \u00e0 gauche, deux lignes s\u2019affirment et les alliances se cristallisent"},"content":{"rendered":"<p>Si les alliances progressent d\u2019un c\u00f4t\u00e9 comme de l\u2019autre, l\u2019\u00e9quation politique globale reste mouvante. Le maire sortant Fr\u00e9d\u00e9ric Lafforgue n\u2019a pas encore annonc\u00e9 sa d\u00e9cision, m\u00eame si son entourage laisse entendre qu\u2019il repartirait. Son challenger de droite, Julien Miro, est, quant \u00e0 lui, en campagne bien qu\u2019il n\u2019ait pas encore officialis\u00e9 sa candidature. Cela ne serait tarder. La campagne castelnauvienne, qui s\u2019annon\u00e7ait dispers\u00e9e, prend ainsi une tournure plus lisible. Et s\u2019annonce punchy.<\/p>\n","protected":false},"excerpt":{"rendered":"Si les alliances progressent d\u2019un c\u00f4t\u00e9 comme de l\u2019autre, l\u2019\u00e9quation politique globale reste mouvante. Le maire sortant Fr\u00e9d\u00e9ric&hellip;\n","protected":false},"author":2,"featured_media":570080,"comment_status":"","ping_status":"","sticky":false,"template":"","format":"standard","meta":{"footnotes":""},"categories":[9599],"tags":[1111,11,1777,674,1011,27,2208,12,2680,25],"class_list":{"0":"post-570079","1":"post","2":"type-post","3":"status-publish","4":"format-standard","5":"has-post-thumbnail","7":"category-montpellier","8":"tag-actu","9":"tag-actualites","10":"tag-eu","11":"tag-europe","12":"tag-fr","13":"tag-france","14":"tag-montpellier","15":"tag-news","16":"tag-occitanie","17":"tag-republique-francaise"},"share_on_mastodon":{"url":"https:\/\/pubeurope.com\/@fr\/115641959548053184","error":""},"_links":{"self":[{"href":"https:\/\/www.europesays.com\/fr\/wp-json\/wp\/v2\/posts\/570079","targetHints":{"allow":["GET"]}}],"collection":[{"href":"https:\/\/www.europesays.com\/fr\/wp-json\/wp\/v2\/posts"}],"about":[{"href":"https:\/\/www.europesays.com\/fr\/wp-json\/wp\/v2\/types\/post"}],"author":[{"embeddable":true,"href":"https:\/\/www.europesays.com\/fr\/wp-json\/wp\/v2\/users\/2"}],"replies":[{"embeddable":true,"href":"https:\/\/www.europesays.com\/fr\/wp-json\/wp\/v2\/comments?post=570079"}],"version-history":[{"count":0,"href":"https:\/\/www.europesays.com\/fr\/wp-json\/wp\/v2\/posts\/570079\/revisions"}],"wp:featuredmedia":[{"embeddable":true,"href":"https:\/\/www.europesays.com\/fr\/wp-json\/wp\/v2\/media\/570080"}],"wp:attachment":[{"href":"https:\/\/www.europesays.com\/fr\/wp-json\/wp\/v2\/media?parent=570079"}],"wp:term":[{"taxonomy":"category","embeddable":true,"href":"https:\/\/www.europesays.com\/fr\/wp-json\/wp\/v2\/categories?post=570079"},{"taxonomy":"post_tag","embeddable":true,"href":"https:\/\/www.europesays.com\/fr\/wp-json\/wp\/v2\/tags?post=570079"}],"curies":[{"name":"wp","href":"https:\/\/api.w.org\/{rel}","templated":true}]}}