{"id":570085,"date":"2025-12-01T02:38:11","date_gmt":"2025-12-01T02:38:11","guid":{"rendered":"https:\/\/www.europesays.com\/fr\/570085\/"},"modified":"2025-12-01T02:38:11","modified_gmt":"2025-12-01T02:38:11","slug":"foot-bd-et-invites-a-lespace-ouest-france-a-rennes","status":"publish","type":"post","link":"https:\/\/www.europesays.com\/fr\/570085\/","title":{"rendered":"Foot, BD et invit\u00e9s \u00e0 l\u2019espace Ouest-France, \u00e0 Rennes"},"content":{"rendered":"<p>Le programme de l\u2019Espace Ouest-France pour la semaine du 1er\u00a0d\u00e9cembre 2025 s\u2019annonce festif. Avec l\u2019\u00e9mission de foot Pleine Lucarne, lundi 1er\u00a0d\u00e9cembre, \u00e0 12\u00a0h\u00a030, enregistr\u00e9e\u00a0en public. Entr\u00e9e libre dans la limite des places disponibles. Le soir, Hugo Cl\u00e9ment sera invit\u00e9 pour pr\u00e9senter sa BD \u00ab Le paradoxe de l\u2019abondance \u00bb. La rencontre affiche complet.<\/p>\n<p>Emmanuel Lepage, grand auteur de BD, viendra mardi 2\u00a0d\u00e9cembre, \u00e0 18\u00a0h, pour \u00ab\u00a0Danser avec le vent\u00a0\u00bb, en partenariat avec la librairie Le Failler. La rencontre sera suivie d\u2019une s\u00e9ance de d\u00e9dicaces ou signatures. Sur r\u00e9servation\u00a0: https:\/\/my.weezevent.com\/emmanuel-lepage<\/p>\n<p>Christian Grataloup sera l\u00e0 mercredi 3\u00a0d\u00e9cembre, \u00e0 19\u00a0h, pour son ouvrage paru aux \u00e9ditions Armand Colin, \u00ab\u00a0L\u2019esprit d\u2019aventure\u00a0\u00bb, en partenariat avec la librairie Le Failler. La rencontre sera suivie d\u2019une s\u00e9ance de d\u00e9dicaces. Sur r\u00e9servation\u00a0: https:\/\/my.weezevent.com\/christian-grataloup<\/p>\n<p>Le jeudi 4\u00a0d\u00e9cembre \u00e0 18\u00a0h\u00a030, les curieux sont invit\u00e9s \u00e0 une conf\u00e9rence sur le th\u00e8me de la fraternit\u00e9, dans le cadre des journ\u00e9es rennaises sur la la\u00efcit\u00e9. Sur r\u00e9servation\u00a0: https:\/\/my.weezevent.com\/conference-164<\/p>\n<p>Le vendredi 5\u00a0d\u00e9cembre, \u00e0 14\u00a0h\u00a030, c\u2019est une conf\u00e9rence sur Les peintres nordiques en Bretagne et en Normandie \u00e0 la fin du XIXe\u00a0si\u00e8cle qui est au programme.\u00a0Entr\u00e9e libre dans la limite des places disponibles.<\/p>\n<p>\u00a0<\/p>\n","protected":false},"excerpt":{"rendered":"Le programme de l\u2019Espace Ouest-France pour la semaine du 1er\u00a0d\u00e9cembre 2025 s\u2019annonce festif. Avec l\u2019\u00e9mission de foot Pleine&hellip;\n","protected":false},"author":2,"featured_media":570086,"comment_status":"","ping_status":"","sticky":false,"template":"","format":"standard","meta":{"footnotes":""},"categories":[2821],"tags":[1111,11,9993,829,386,1777,674,2257,1011,27,12363,12,7418,3086,584,25],"class_list":{"0":"post-570085","1":"post","2":"type-post","3":"status-publish","4":"format-standard","5":"has-post-thumbnail","7":"category-rennes","8":"tag-actu","9":"tag-actualites","10":"tag-bd","11":"tag-bretagne","12":"tag-espace","13":"tag-eu","14":"tag-europe","15":"tag-foot","16":"tag-fr","17":"tag-france","18":"tag-invites","19":"tag-news","20":"tag-ouest-france","21":"tag-redon","22":"tag-rennes","23":"tag-republique-francaise"},"share_on_mastodon":{"url":"https:\/\/pubeurope.com\/@fr\/115641994763306140","error":""},"_links":{"self":[{"href":"https:\/\/www.europesays.com\/fr\/wp-json\/wp\/v2\/posts\/570085","targetHints":{"allow":["GET"]}}],"collection":[{"href":"https:\/\/www.europesays.com\/fr\/wp-json\/wp\/v2\/posts"}],"about":[{"href":"https:\/\/www.europesays.com\/fr\/wp-json\/wp\/v2\/types\/post"}],"author":[{"embeddable":true,"href":"https:\/\/www.europesays.com\/fr\/wp-json\/wp\/v2\/users\/2"}],"replies":[{"embeddable":true,"href":"https:\/\/www.europesays.com\/fr\/wp-json\/wp\/v2\/comments?post=570085"}],"version-history":[{"count":0,"href":"https:\/\/www.europesays.com\/fr\/wp-json\/wp\/v2\/posts\/570085\/revisions"}],"wp:featuredmedia":[{"embeddable":true,"href":"https:\/\/www.europesays.com\/fr\/wp-json\/wp\/v2\/media\/570086"}],"wp:attachment":[{"href":"https:\/\/www.europesays.com\/fr\/wp-json\/wp\/v2\/media?parent=570085"}],"wp:term":[{"taxonomy":"category","embeddable":true,"href":"https:\/\/www.europesays.com\/fr\/wp-json\/wp\/v2\/categories?post=570085"},{"taxonomy":"post_tag","embeddable":true,"href":"https:\/\/www.europesays.com\/fr\/wp-json\/wp\/v2\/tags?post=570085"}],"curies":[{"name":"wp","href":"https:\/\/api.w.org\/{rel}","templated":true}]}}