{"id":570087,"date":"2025-12-01T02:39:14","date_gmt":"2025-12-01T02:39:14","guid":{"rendered":"https:\/\/www.europesays.com\/fr\/570087\/"},"modified":"2025-12-01T02:39:14","modified_gmt":"2025-12-01T02:39:14","slug":"cinq-artistes-a-ecouter-et-a-voir-lors-des-trans-musicales-de-rennes","status":"publish","type":"post","link":"https:\/\/www.europesays.com\/fr\/570087\/","title":{"rendered":"Cinq artistes \u00e0 \u00e9couter et \u00e0 voir lors des Trans Musicales de Rennes"},"content":{"rendered":"\n<p class=\"article__fact article__fact--false\">LA LISTE DE LA MATINALE<\/p>\n<p class=\"article__paragraph  \">N\u00e9es en\u00a01979, les Rencontres Trans Musicales de Rennes proposent chaque ann\u00e9e \u00e0 des dizaines de milliers de spectateurs de d\u00e9couvrir les musiques de demain. Pour sa 47e \u00e9dition, le festival breton ne d\u00e9roge pas \u00e0 la r\u00e8gle et propose au public de d\u00e9couvrir, du 3\u00a0au 7\u00a0d\u00e9cembre, plus de 77 groupes ou artistes venus de tous les continents. Que vous soyez plut\u00f4t rap, post-punk, \u00e9lectro, krautrock ou psych\u00e9-folk\u2026 le service musique du Monde vous aide \u00e0 faire des choix dans cette dense programmation.<\/p>\n<p>                La m\u00e9lancolie d\u2019Asfar Shamsi, entre rap et pop                     <img loading=\"lazy\" decoding=\"async\" src=\"https:\/\/www.europesays.com\/fr\/wp-content\/uploads\/2025\/12\/c6734e1_upload-1-4e6z0t8obik4-asfar-pedrosummer1.jpg\" alt=\"La chanteuse et rappeuse Asfar Shamsi.\"   width=\"664\" height=\"443\"\/>    La chanteuse et rappeuse Asfar Shamsi.  PEDRO SUMMER                 <\/p>\n<p class=\"article__paragraph  \">Le grand public l\u2019a d\u00e9couverte en mars lors de <a href=\"https:\/\/www.youtube.com\/watch?v=HySaLzGgOtw\" target=\"_blank\" rel=\"noopener\" title=\"Nouvelle fen\u00eatre\">son passage dans l\u2019\u00e9mission \u00ab\u00a0Plan\u00e8te Rap\u00a0\u00bb<\/a> sur Skyrock. Invit\u00e9e par <a href=\"https:\/\/www.lemonde.fr\/culture\/article\/2025\/02\/21\/le-rappeur-youssef-swatt-s-a-bonne-ecole_6557808_3246.html\" target=\"_blank\" rel=\"noopener\" title=\"Nouvelle fen\u00eatre\">le rappeur belge Youssef Swatt\u2019s<\/a>, Asfar Shamsi y interpr\u00e9tait en direct son morceau 2006, \u00e9crit pour l\u2019occasion. Un titre truff\u00e9 de r\u00e9f\u00e9rences g\u00e9n\u00e9rationnelles, telle que \u00ab\u00a0la France de M\u00e9lanie\u00a0\u00bb (comprendre Diams) et le tir au but malheureux de David Trezeguet en finale de Coupe du monde. \u00ab\u00a02006 j\u2019ai pleur\u00e9 pour un penalty, vingt ans plus tard j\u2019ai d\u2019autres sortes de probl\u00e9matiques\u00a0\u00bb, chante-t-elle sur une production pop soign\u00e9e, emplie de m\u00e9lancolie. Son nouveau single, La Crise, semble confirmer le talent de cette Strasbourgeoise de 27\u00a0ans pour d\u00e9crire les maux d\u2019une g\u00e9n\u00e9ration cern\u00e9e par les crises \u00e9conomiques et le r\u00e9chauffement climatique.<\/p>\n<p class=\"reading-mode-only \"><strong>Il vous reste 79.71% de cet article \u00e0 lire. La suite est r\u00e9serv\u00e9e aux abonn\u00e9s.<\/strong><\/p>\n","protected":false},"excerpt":{"rendered":"LA LISTE DE LA MATINALE N\u00e9es en\u00a01979, les Rencontres Trans Musicales de Rennes proposent chaque ann\u00e9e \u00e0 des&hellip;\n","protected":false},"author":2,"featured_media":570088,"comment_status":"","ping_status":"","sticky":false,"template":"","format":"standard","meta":{"footnotes":""},"categories":[2821],"tags":[1111,11,829,1777,674,1011,27,12,584,25],"class_list":{"0":"post-570087","1":"post","2":"type-post","3":"status-publish","4":"format-standard","5":"has-post-thumbnail","7":"category-rennes","8":"tag-actu","9":"tag-actualites","10":"tag-bretagne","11":"tag-eu","12":"tag-europe","13":"tag-fr","14":"tag-france","15":"tag-news","16":"tag-rennes","17":"tag-republique-francaise"},"share_on_mastodon":{"url":"https:\/\/pubeurope.com\/@fr\/115641999348560377","error":""},"_links":{"self":[{"href":"https:\/\/www.europesays.com\/fr\/wp-json\/wp\/v2\/posts\/570087","targetHints":{"allow":["GET"]}}],"collection":[{"href":"https:\/\/www.europesays.com\/fr\/wp-json\/wp\/v2\/posts"}],"about":[{"href":"https:\/\/www.europesays.com\/fr\/wp-json\/wp\/v2\/types\/post"}],"author":[{"embeddable":true,"href":"https:\/\/www.europesays.com\/fr\/wp-json\/wp\/v2\/users\/2"}],"replies":[{"embeddable":true,"href":"https:\/\/www.europesays.com\/fr\/wp-json\/wp\/v2\/comments?post=570087"}],"version-history":[{"count":0,"href":"https:\/\/www.europesays.com\/fr\/wp-json\/wp\/v2\/posts\/570087\/revisions"}],"wp:featuredmedia":[{"embeddable":true,"href":"https:\/\/www.europesays.com\/fr\/wp-json\/wp\/v2\/media\/570088"}],"wp:attachment":[{"href":"https:\/\/www.europesays.com\/fr\/wp-json\/wp\/v2\/media?parent=570087"}],"wp:term":[{"taxonomy":"category","embeddable":true,"href":"https:\/\/www.europesays.com\/fr\/wp-json\/wp\/v2\/categories?post=570087"},{"taxonomy":"post_tag","embeddable":true,"href":"https:\/\/www.europesays.com\/fr\/wp-json\/wp\/v2\/tags?post=570087"}],"curies":[{"name":"wp","href":"https:\/\/api.w.org\/{rel}","templated":true}]}}