{"id":570091,"date":"2025-12-01T02:42:25","date_gmt":"2025-12-01T02:42:25","guid":{"rendered":"https:\/\/www.europesays.com\/fr\/570091\/"},"modified":"2025-12-01T02:42:25","modified_gmt":"2025-12-01T02:42:25","slug":"strasbourg-previsions-meteo-du-dimanche-30-novembre-2025","status":"publish","type":"post","link":"https:\/\/www.europesays.com\/fr\/570091\/","title":{"rendered":"Strasbourg : pr\u00e9visions m\u00e9t\u00e9o du dimanche 30 novembre 2025"},"content":{"rendered":"<p>\u00c0 Strasbourg, le dimanche 30 novembre 2025, le temps reste maussade avec de faibles pluies \u00e9parses toute la journ\u00e9e. Les temp\u00e9ratures fra\u00eeches tournent autour de 6 \u00e0 8 \u00b0C, dans une atmosph\u00e8re humide et grise.<\/p>\n<p>    Matin : pluie fine d\u00e8s l\u2019aube<\/p>\n<p>Le soleil s\u2019est lev\u00e9 \u00e0 07 h 58, aussit\u00f4t masqu\u00e9 par une pluie faible persistante observ\u00e9e \u00e0 09 h. L\u2019atmosph\u00e8re est humide et grise, fid\u00e8le \u00e0 un d\u00e9but d\u2019hiver alsacien.<\/p>\n<p>Le thermom\u00e8tre affiche <b>6 \u00b0C<\/b>, avec un ressenti qui descend \u00e0 <b>3 \u00b0C<\/b> sous l\u2019effet d\u2019un vent discret de 8 km\/h en provenance du sud-sud-ouest. L\u2019humidit\u00e9 atteint 89 %, tandis que la pression demeure stable \u00e0 1013 hPa.<\/p>\n<ul>\n<li>Pensez \u00e0 l\u2019imperm\u00e9able pour les trajets domicile-travail.<\/li>\n<li>Chauss\u00e9es glissantes : mod\u00e9rez votre vitesse \u00e0 v\u00e9lo ou en voiture.<\/li>\n<li>Visibilit\u00e9 correcte malgr\u00e9 la pluie, aucune alerte particuli\u00e8re.<\/li>\n<\/ul>\n<p>Apr\u00e8s-midi : humidit\u00e9 tenace<\/p>\n<p>\u00c0 15 h, la pluie s\u2019intensifie l\u00e9g\u00e8rement : 2,5 mm attendus, avec une probabilit\u00e9 de 73 %. Le ciel reste uniform\u00e9ment couvert, limitant la luminosit\u00e9 sur les march\u00e9s de No\u00ebl.<\/p>\n<p>La temp\u00e9rature monte \u00e0 <b>8 \u00b0C<\/b>, ressentie 6 \u00b0C. Le vent faiblit \u00e0 4 km\/h, toujours orient\u00e9 sud-sud-ouest, tandis que l\u2019humidit\u00e9 atteint 93 %. La pression conna\u00eet une l\u00e9g\u00e8re hausse, atteignant 1015 hPa.<\/p>\n<p>Ces conditions cr\u00e9ent une ambiance fra\u00eeche, propice \u00e0 savourer les sp\u00e9cialit\u00e9s chaudes, mais restez attentifs aux parapluies qui peuvent g\u00eaner la circulation pi\u00e9tonne.<\/p>\n<p>Soir\u00e9e : accalmie progressive apr\u00e8s le coucher<\/p>\n<p>Le soleil dispara\u00eet \u00e0 16 h 36, laissant place \u00e0 une nuit qui s\u2019annonce plus calme. \u00c0 21 h, la pluie ne laisse qu\u2019une trace : 0,8 mm seulement, avec un risque r\u00e9duit \u00e0 15 %.<\/p>\n<p>Le mercure redescend \u00e0 <b>7 \u00b0C<\/b> (ressenti 5 \u00b0C). Le vent, l\u00e9ger, souffle d\u2019ouest \u00e0 4 km\/h. L\u2019humidit\u00e9, toujours \u00e9lev\u00e9e, s\u2019\u00e9tablit \u00e0 91 %, et la pression progresse \u00e0 1019 hPa, signe d\u2019une m\u00e9t\u00e9o plus stable.<\/p>\n<ul>\n<li>Sorties nocturnes possibles sans grande g\u00eane, pr\u00e9voyez une veste imperm\u00e9able.<\/li>\n<li>Attention aux surfaces m\u00e9talliques humides pr\u00e8s des quais et des ponts.<\/li>\n<\/ul>\n<p>Tendance pour lundi 1\u1d49\u02b3 d\u00e9cembre : brouillard attendu<\/p>\n<p>La nuit prochaine, le ciel sera tr\u00e8s nuageux. Vers 00 h, on attend <b>2 \u00b0C<\/b> et un ressenti de 0 \u00b0C sous un voile compact, sans pr\u00e9cipitation. Humidit\u00e9 \u00e0 96 %, vent du sud \u00e0 4 km\/h, pression \u00e0 1015 hPa.<\/p>\n<p>Demain, la journ\u00e9e s\u2019annonce grise : <b>temp\u00e9ratures de 1 \u00b0C \u00e0 6 \u00b0C<\/b>, avec une impression de froid renforc\u00e9e (-1 \u00e0 4 \u00b0C). Un brouillard matinal pourrait r\u00e9duire la visibilit\u00e9 sur l\u2019A35 et les axes secondaires.<\/p>\n<ul>\n<li>Redoublez de prudence en voiture : distances de freinage allong\u00e9es.<\/li>\n<li>Au besoin, diff\u00e9renciez vos d\u00e9placements jusqu\u2019\u00e0 la dissipation du brouillard.<\/li>\n<li>Aucune pluie significative pr\u00e9vue, ambiance plus s\u00e8che mais toujours fra\u00eeche.<\/li>\n<\/ul>\n<p>Pour un suivi horaire d\u00e9taill\u00e9 des prochains jours, consultez <a href=\"https:\/\/www.meteocity.com\/france\/strasbourg-v2973783\" target=\"_blank\" rel=\"noopener\">notre bulletin complet<\/a>.<\/p>\n","protected":false},"excerpt":{"rendered":"\u00c0 Strasbourg, le dimanche 30 novembre 2025, le temps reste maussade avec de faibles pluies \u00e9parses toute la&hellip;\n","protected":false},"author":2,"featured_media":570092,"comment_status":"","ping_status":"","sticky":false,"template":"","format":"standard","meta":{"footnotes":""},"categories":[2820],"tags":[1111,11,1777,674,1011,27,775,12,25,640],"class_list":{"0":"post-570091","1":"post","2":"type-post","3":"status-publish","4":"format-standard","5":"has-post-thumbnail","7":"category-strasbourg","8":"tag-actu","9":"tag-actualites","10":"tag-eu","11":"tag-europe","12":"tag-fr","13":"tag-france","14":"tag-grand-est","15":"tag-news","16":"tag-republique-francaise","17":"tag-strasbourg"},"share_on_mastodon":{"url":"https:\/\/pubeurope.com\/@fr\/115642010417842515","error":""},"_links":{"self":[{"href":"https:\/\/www.europesays.com\/fr\/wp-json\/wp\/v2\/posts\/570091","targetHints":{"allow":["GET"]}}],"collection":[{"href":"https:\/\/www.europesays.com\/fr\/wp-json\/wp\/v2\/posts"}],"about":[{"href":"https:\/\/www.europesays.com\/fr\/wp-json\/wp\/v2\/types\/post"}],"author":[{"embeddable":true,"href":"https:\/\/www.europesays.com\/fr\/wp-json\/wp\/v2\/users\/2"}],"replies":[{"embeddable":true,"href":"https:\/\/www.europesays.com\/fr\/wp-json\/wp\/v2\/comments?post=570091"}],"version-history":[{"count":0,"href":"https:\/\/www.europesays.com\/fr\/wp-json\/wp\/v2\/posts\/570091\/revisions"}],"wp:featuredmedia":[{"embeddable":true,"href":"https:\/\/www.europesays.com\/fr\/wp-json\/wp\/v2\/media\/570092"}],"wp:attachment":[{"href":"https:\/\/www.europesays.com\/fr\/wp-json\/wp\/v2\/media?parent=570091"}],"wp:term":[{"taxonomy":"category","embeddable":true,"href":"https:\/\/www.europesays.com\/fr\/wp-json\/wp\/v2\/categories?post=570091"},{"taxonomy":"post_tag","embeddable":true,"href":"https:\/\/www.europesays.com\/fr\/wp-json\/wp\/v2\/tags?post=570091"}],"curies":[{"name":"wp","href":"https:\/\/api.w.org\/{rel}","templated":true}]}}