{"id":570095,"date":"2025-12-01T02:47:09","date_gmt":"2025-12-01T02:47:09","guid":{"rendered":"https:\/\/www.europesays.com\/fr\/570095\/"},"modified":"2025-12-01T02:47:09","modified_gmt":"2025-12-01T02:47:09","slug":"un-grand-tour-des-vitrines-de-noel-de-nantes-rassemblees-dans-un-guide-edite-par-plein-centre","status":"publish","type":"post","link":"https:\/\/www.europesays.com\/fr\/570095\/","title":{"rendered":"Un grand tour des vitrines de No\u00ebl de Nantes, rassembl\u00e9es dans un guide \u00e9dit\u00e9 par Plein centre"},"content":{"rendered":"<p>Deux cents commer\u00e7ants, regroup\u00e9s dans des collectifs soutenus par la ville de Nantes, d\u00e9corent leurs vitrines. Trente rues nantaises, regroup\u00e9es dans douze projets diff\u00e9rents, y participent, rassembl\u00e9es dans <a href=\"https:\/\/www.canva.com\/design\/DAG2h37eNUA\/cwZcNWTHIq5Sq9zT8FU8wA\/view?utm_content=DAG2h37eNUA&amp;utm_campaign=designshare&amp;utm_medium=link2&amp;utm_source=uniquelinks&amp;utlId=heab57a3b9d#5\" target=\"_self\" rel=\"noopener\">un guide disponible<\/a> sur le site de <a href=\"https:\/\/pleincentre.net\/evenements\/les-animations-de-noel-2025-%E2%9C%A8%F0%9F%8E%89\/\" target=\"_self\" rel=\"noopener\">Plein Centre<\/a>, l\u2019association des commer\u00e7ants nantais.<\/p>\n<p>Chaque quartier h\u00e9rite d\u2019un joli nom pour l\u2019occasion\u00a0: ainsi, le quartier Merc\u0153ur Lafayette est renomm\u00e9 Voyage en Laponie, parce qu\u2019il m\u00e8ne tout droit \u00e0 l\u2019atelier du P\u00e8re No\u00ebl\u00a0; la rue de la Fosse est une invitation au No\u00ebl disco Pep\u2019s, d\u00e9crit comme une sc\u00e8ne f\u00e9erique aux accents r\u00e9tro\u00a0; le quartier Copernic devient celui des Saules magiques, car les vitrines des rues sont illumin\u00e9es par des saules pleureurs\u2026<\/p>\n<p>\t<img decoding=\"async\" src=\"https:\/\/www.europesays.com\/fr\/wp-content\/uploads\/2025\/12\/P35607938D7084974G_px_640_.jpg\" alt=\"photo une des vitrines d\u00e9cor\u00e9es.  \u00a9  plein centre\" width=\"640\" title=\" Une des vitrines d\u00e9cor\u00e9es.   Plein Centre \"\/><\/p>\n<p class=\"elmt-legende\"> Une des vitrines d\u00e9cor\u00e9es.   Plein Centre <\/p>\n<p>\u00a0Au-del\u00e0 des lumi\u00e8res et des guirlandes, ces initiatives refl\u00e8tent l\u2019attachement des commer\u00e7ants \u00e0 leur ville et \u00e0 leurs habitants. Dans un contexte parfois exigeant, ils continuent de faire vivre le c\u0153ur de Nantes. Ce catalogue invite \u00e0 pousser la porte des commerces de proximit\u00e9\u00a0\u00bb, indique Carine Martin, la pr\u00e9sidente de Plein centre.<\/p>\n<p>\u00a0<\/p>\n","protected":false},"excerpt":{"rendered":"Deux cents commer\u00e7ants, regroup\u00e9s dans des collectifs soutenus par la ville de Nantes, d\u00e9corent leurs vitrines. Trente rues&hellip;\n","protected":false},"author":2,"featured_media":570096,"comment_status":"","ping_status":"","sticky":false,"template":"","format":"standard","meta":{"footnotes":""},"categories":[2818],"tags":[1111,11,3335,68534,1777,674,1011,27,2515,4463,766,12,15830,2636,19517,25,3584,19520],"class_list":{"0":"post-570095","1":"post","2":"type-post","3":"status-publish","4":"format-standard","5":"has-post-thumbnail","7":"category-nantes","8":"tag-actu","9":"tag-actualites","10":"tag-centre","11":"tag-edite","12":"tag-eu","13":"tag-europe","14":"tag-fr","15":"tag-france","16":"tag-grand","17":"tag-guide","18":"tag-nantes","19":"tag-news","20":"tag-noel","21":"tag-pays-de-la-loire","22":"tag-rassemblees","23":"tag-republique-francaise","24":"tag-tour","25":"tag-vitrines"},"share_on_mastodon":{"url":"","error":""},"_links":{"self":[{"href":"https:\/\/www.europesays.com\/fr\/wp-json\/wp\/v2\/posts\/570095","targetHints":{"allow":["GET"]}}],"collection":[{"href":"https:\/\/www.europesays.com\/fr\/wp-json\/wp\/v2\/posts"}],"about":[{"href":"https:\/\/www.europesays.com\/fr\/wp-json\/wp\/v2\/types\/post"}],"author":[{"embeddable":true,"href":"https:\/\/www.europesays.com\/fr\/wp-json\/wp\/v2\/users\/2"}],"replies":[{"embeddable":true,"href":"https:\/\/www.europesays.com\/fr\/wp-json\/wp\/v2\/comments?post=570095"}],"version-history":[{"count":0,"href":"https:\/\/www.europesays.com\/fr\/wp-json\/wp\/v2\/posts\/570095\/revisions"}],"wp:featuredmedia":[{"embeddable":true,"href":"https:\/\/www.europesays.com\/fr\/wp-json\/wp\/v2\/media\/570096"}],"wp:attachment":[{"href":"https:\/\/www.europesays.com\/fr\/wp-json\/wp\/v2\/media?parent=570095"}],"wp:term":[{"taxonomy":"category","embeddable":true,"href":"https:\/\/www.europesays.com\/fr\/wp-json\/wp\/v2\/categories?post=570095"},{"taxonomy":"post_tag","embeddable":true,"href":"https:\/\/www.europesays.com\/fr\/wp-json\/wp\/v2\/tags?post=570095"}],"curies":[{"name":"wp","href":"https:\/\/api.w.org\/{rel}","templated":true}]}}