{"id":570097,"date":"2025-12-01T02:48:56","date_gmt":"2025-12-01T02:48:56","guid":{"rendered":"https:\/\/www.europesays.com\/fr\/570097\/"},"modified":"2025-12-01T02:48:56","modified_gmt":"2025-12-01T02:48:56","slug":"en-superiorite-numerique-face-a-nantes-lyon-se-relance-et-satriano-marque-enfin-2","status":"publish","type":"post","link":"https:\/\/www.europesays.com\/fr\/570097\/","title":{"rendered":"en sup\u00e9riorit\u00e9 num\u00e9rique face \u00e0 Nantes, Lyon se relance et Satriano marque enfin"},"content":{"rendered":"<p>Apr\u00e8s quatre matches sans victoire en championnat, Lyon a renou\u00e9 avec la victoire en s&rsquo;imposant (3-0) ce dimanche en cl\u00f4ture de la 14e journ\u00e9e face \u00e0 une \u00e9quipe de Nantes r\u00e9duite \u00e0 dix juste avant la mi-temps, avec notamment un doubl\u00e9 de l&rsquo;Uruguayen <a href=\"https:\/\/www.lejsl.com\/p\/martin-satriano\" target=\"_blank\" rel=\"noopener\">Martin Satriano<\/a>.<\/p>\n<p>Avec ce succ\u00e8s, l&rsquo;Olympique lyonnais remonte au 6e rang \u00e0 \u00e9galit\u00e9 de points avec Rennes, alors que Nantes stagne dans le bas de classement (16e et barragiste), <a href=\"https:\/\/www.lejsl.com\/sport\/2025\/11\/30\/attaque-inoffensive-et-moral-en-berne-pourquoi-luis-castro-se-retrouve-menace-sur-le-banc-nantais\" target=\"_blank\" rel=\"noopener\">une situation qui menace toujours l&rsquo;entra\u00eeneur des Canaris, le Portugais Luis Castro<\/a>.<\/p>\n<p>Satriano lib\u00e9r\u00e9<\/p>\n<p>R\u00e9guli\u00e8rement critiqu\u00e9 pour son manque d&rsquo;efficacit\u00e9 et m\u00eame ses difficult\u00e9s \u00e0 seulement se cr\u00e9er des occasions, Satriano (24 ans), dont c&rsquo;\u00e9tait la 13e apparition avec l&rsquo;OL, s&rsquo;est une nouvelle fois montr\u00e9 tr\u00e8s actif et collectif pour ses partenaires, et a finalement \u00e9t\u00e9 r\u00e9compens\u00e9 de ses efforts avec un doubl\u00e9.<\/p>\n<p>Dos au but, le Sud-am\u00e9ricain pr\u00eat\u00e9 par Lens et bless\u00e9 quasiment toute la saison derni\u00e8re a trouv\u00e9 l&rsquo;ouverture d&rsquo;un retourn\u00e9 apr\u00e8s une passe de la t\u00eate de <a href=\"https:\/\/www.lejsl.com\/p\/pavel-sulc\" target=\"_blank\" rel=\"noopener\">Pavel Sulc<\/a> pour porter le score \u00e0 2-0.<\/p>\n<p>Peu apr\u00e8s, \u00e0 la suite d&rsquo;un d\u00e9bordement du Portugais <a href=\"https:\/\/www.lejsl.com\/p\/afonso-moreira\" target=\"_blank\" rel=\"noopener\">Afonso Moreira<\/a>, Satriano a repris victorieusement le ballon pour permettre \u00e0 l&rsquo;Olympique lyonnais de mener 3-0 (77e).<\/p>\n<p>Avant la rencontre samedi, son entra\u00eeneur <a href=\"https:\/\/www.lejsl.com\/p\/paulo-fonseca\" target=\"_blank\" rel=\"noopener\">Paulo Fonseca<\/a> s&rsquo;\u00e9tait montr\u00e9 confiant sur la capacit\u00e9 de l&rsquo;Uruguayen \u00e0 trouver bient\u00f4t le chemin du but et plaidait la patience. Jusqu&rsquo;alors, Martin Satriano, d\u00e9sign\u00e9 joueur du match, n&rsquo;avait marqu\u00e9 que face \u00e0 Salzbourg en Ligue Europa, le 2 octobre dernier.<\/p>\n<p>Apr\u00e8s une premi\u00e8re p\u00e9riode de faible niveau, seulement marqu\u00e9e par l&rsquo;exclusion de l&rsquo;attaquant Junior Mwanga pour un jeu dangereux sur le d\u00e9fenseur <a href=\"https:\/\/www.lejsl.com\/p\/hans-hateboer\" target=\"_blank\" rel=\"noopener\">Hans Hateboer<\/a> (41e), Nantes s&rsquo;est retrouv\u00e9 en inf\u00e9riorit\u00e9 num\u00e9rique, ce qui a facilit\u00e9 la t\u00e2che des Lyonnais.<\/p>\n<p>Le jeu de l&rsquo;OL \u00e9tait jusqu&rsquo;alors sans fluidit\u00e9 et sans pression sur la d\u00e9fense adverse malgr\u00e9 une nette domination avec au final un seul tir cadr\u00e9, avant que la situation ne se d\u00e9bloque apr\u00e8s la mi-temps.<\/p>\n<p>\u00c0\u00a0onze contre dix, c&rsquo;est Vinicius Abner qui a donn\u00e9 l&rsquo;avantage \u00e0 l&rsquo;OL en d\u00e9but de seconde p\u00e9riode en reprenant un tir de l&rsquo;Anglais <a href=\"https:\/\/www.lejsl.com\/p\/tyler-morton\" target=\"_blank\" rel=\"noopener\">Tyler Morton<\/a> qui avait heurt\u00e9 le poteau (1-0, 51e). De retour de suspension, le Br\u00e9silien <a href=\"https:\/\/www.lejsl.com\/sport\/2025\/11\/27\/ligue-europa-lyon-nouveau-leader-apres-son-carton-lille-reagit-et-nice-sombre\" target=\"_blank\" rel=\"noopener\">avait d\u00e9j\u00e0 ouvert le score jeudi \u00e0 Backa Topola, face au Maccabi Tel-Aviv (6-0) en Ligue Europa<\/a>.\u00a0<\/p>\n<p>En fin de partie, l&rsquo;international belge <a href=\"https:\/\/www.lejsl.com\/p\/orel-mangala\" target=\"_blank\" rel=\"noopener\">Orel Mangala<\/a> a fait son retour \u00e0 la comp\u00e9tition apr\u00e8s une rupture du ligament crois\u00e9 d&rsquo;un genou dont il avait \u00e9t\u00e9 victime en janvier dernier alors qu&rsquo;il \u00e9tait pr\u00eat\u00e9 \u00e0 Everton (1\u00e8re div. anglaise).<\/p>\n","protected":false},"excerpt":{"rendered":"Apr\u00e8s quatre matches sans victoire en championnat, Lyon a renou\u00e9 avec la victoire en s&rsquo;imposant (3-0) ce dimanche&hellip;\n","protected":false},"author":2,"featured_media":570098,"comment_status":"","ping_status":"","sticky":false,"template":"","format":"standard","meta":{"footnotes":""},"categories":[2818],"tags":[1111,11,1777,674,107,63,1011,27,766,12,2636,25,517,1947],"class_list":{"0":"post-570097","1":"post","2":"type-post","3":"status-publish","4":"format-standard","5":"has-post-thumbnail","7":"category-nantes","8":"tag-actu","9":"tag-actualites","10":"tag-eu","11":"tag-europe","12":"tag-fil-info","13":"tag-football","14":"tag-fr","15":"tag-france","16":"tag-nantes","17":"tag-news","18":"tag-pays-de-la-loire","19":"tag-republique-francaise","20":"tag-sport","21":"tag-sport-national"},"share_on_mastodon":{"url":"https:\/\/pubeurope.com\/@fr\/115642037897081287","error":""},"_links":{"self":[{"href":"https:\/\/www.europesays.com\/fr\/wp-json\/wp\/v2\/posts\/570097","targetHints":{"allow":["GET"]}}],"collection":[{"href":"https:\/\/www.europesays.com\/fr\/wp-json\/wp\/v2\/posts"}],"about":[{"href":"https:\/\/www.europesays.com\/fr\/wp-json\/wp\/v2\/types\/post"}],"author":[{"embeddable":true,"href":"https:\/\/www.europesays.com\/fr\/wp-json\/wp\/v2\/users\/2"}],"replies":[{"embeddable":true,"href":"https:\/\/www.europesays.com\/fr\/wp-json\/wp\/v2\/comments?post=570097"}],"version-history":[{"count":0,"href":"https:\/\/www.europesays.com\/fr\/wp-json\/wp\/v2\/posts\/570097\/revisions"}],"wp:featuredmedia":[{"embeddable":true,"href":"https:\/\/www.europesays.com\/fr\/wp-json\/wp\/v2\/media\/570098"}],"wp:attachment":[{"href":"https:\/\/www.europesays.com\/fr\/wp-json\/wp\/v2\/media?parent=570097"}],"wp:term":[{"taxonomy":"category","embeddable":true,"href":"https:\/\/www.europesays.com\/fr\/wp-json\/wp\/v2\/categories?post=570097"},{"taxonomy":"post_tag","embeddable":true,"href":"https:\/\/www.europesays.com\/fr\/wp-json\/wp\/v2\/tags?post=570097"}],"curies":[{"name":"wp","href":"https:\/\/api.w.org\/{rel}","templated":true}]}}