{"id":570099,"date":"2025-12-01T02:50:21","date_gmt":"2025-12-01T02:50:21","guid":{"rendered":"https:\/\/www.europesays.com\/fr\/570099\/"},"modified":"2025-12-01T02:50:21","modified_gmt":"2025-12-01T02:50:21","slug":"thierry-gouaichault-un-general-a-la-retraite-a-la-tete-de-lhippodrome-du-bouscat","status":"publish","type":"post","link":"https:\/\/www.europesays.com\/fr\/570099\/","title":{"rendered":"Thierry Gouaichault, un g\u00e9n\u00e9ral \u00e0 la retraite \u00e0 la t\u00eate de l\u2019hippodrome du Bouscat"},"content":{"rendered":"<p>Le militaire\u00a0: Ing\u00e9nieur a\u00e9ronautique&#8230;<\/p>\n<p>Le militaire\u00a0: Ing\u00e9nieur a\u00e9ronautique, dipl\u00f4m\u00e9 de l\u2019\u00e9cole de l\u2019air, Thierry Gouaichault a int\u00e9gr\u00e9 l\u2019arm\u00e9e comme pilote d\u2019h\u00e9licopt\u00e8re. Apr\u00e8s une brillante carri\u00e8re militaire, il a termin\u00e9 au plus haut de la hi\u00e9rarchie, g\u00e9n\u00e9ral de division a\u00e9rienne, commandant en second de la d\u00e9fense a\u00e9rienne et des op\u00e9rations a\u00e9riennes en France.<\/p>\n<p>L\u2019homme\u00a0: Thierry Gouaichault est n\u00e9 \u00e0 Saintes en 1967 dans une famille o\u00f9, dit-il, il a \u00e9t\u00e9 choy\u00e9. La retraite venue, ce p\u00e8re de deux enfants est aujourd\u2019hui tr\u00e8s investi dans la vie locale de La Teste-de-Buch. Homme d\u2019action, il sera candidat aux prochaines \u00e9lections municipales. Il aime la musique classique, Mozart, Sibelius, Dvor\u00e1k, Beethoven et Chopin. Grand voyageur, adorant la M\u00e9sopotamie, ce passionn\u00e9 d\u2019histoire, de la vie des grands hommes notamment, loue les rencontres, les d\u00e9couvertes des pays, des civilisations soulignant \u00abqu\u2019on apprend beaucoup des autres \u00bb.<\/p>\n<p>L\u2019amoureux des chevaux\u00a0: Dans le monde hippique, Thierry Gouaichault est \u00e9galement pr\u00e9sident de l\u2019hippodrome de Mont-de-Marsan. Il a \u00e9t\u00e9 commissaire de courses. Sa passion pour les chevaux lui vient de l\u2019enfance. Ses arri\u00e8re-grands-parents avaient des chevaux de trait et, avec son grand-p\u00e8re, il jouait au tierc\u00e9 tous les dimanches matin au caf\u00e9. Un moment de convivialit\u00e9. Il confie\u00a0: \u00ab\u00a0J\u2019ai toujours aim\u00e9 les chevaux. Mon plus grand plaisir\u00a0? \u00catre cavalier, parcourir la campagne en toute libert\u00e9. Beaut\u00e9 physique, le cheval est une \u0153uvre d\u2019art fragile. L\u2019Humanit\u00e9 lui doit beaucoup\u00a0\u00bb.<\/p>\n","protected":false},"excerpt":{"rendered":"Le militaire\u00a0: Ing\u00e9nieur a\u00e9ronautique&#8230; Le militaire\u00a0: Ing\u00e9nieur a\u00e9ronautique, dipl\u00f4m\u00e9 de l\u2019\u00e9cole de l\u2019air, Thierry Gouaichault a int\u00e9gr\u00e9 l\u2019arm\u00e9e&hellip;\n","protected":false},"author":2,"featured_media":570100,"comment_status":"","ping_status":"","sticky":false,"template":"","format":"standard","meta":{"footnotes":""},"categories":[2817],"tags":[1111,11,1997,1777,674,1011,27,12,2219,25],"class_list":{"0":"post-570099","1":"post","2":"type-post","3":"status-publish","4":"format-standard","5":"has-post-thumbnail","7":"category-bordeaux","8":"tag-actu","9":"tag-actualites","10":"tag-bordeaux","11":"tag-eu","12":"tag-europe","13":"tag-fr","14":"tag-france","15":"tag-news","16":"tag-nouvelle-aquitaine","17":"tag-republique-francaise"},"share_on_mastodon":{"url":"https:\/\/pubeurope.com\/@fr\/115642041912150377","error":""},"_links":{"self":[{"href":"https:\/\/www.europesays.com\/fr\/wp-json\/wp\/v2\/posts\/570099","targetHints":{"allow":["GET"]}}],"collection":[{"href":"https:\/\/www.europesays.com\/fr\/wp-json\/wp\/v2\/posts"}],"about":[{"href":"https:\/\/www.europesays.com\/fr\/wp-json\/wp\/v2\/types\/post"}],"author":[{"embeddable":true,"href":"https:\/\/www.europesays.com\/fr\/wp-json\/wp\/v2\/users\/2"}],"replies":[{"embeddable":true,"href":"https:\/\/www.europesays.com\/fr\/wp-json\/wp\/v2\/comments?post=570099"}],"version-history":[{"count":0,"href":"https:\/\/www.europesays.com\/fr\/wp-json\/wp\/v2\/posts\/570099\/revisions"}],"wp:featuredmedia":[{"embeddable":true,"href":"https:\/\/www.europesays.com\/fr\/wp-json\/wp\/v2\/media\/570100"}],"wp:attachment":[{"href":"https:\/\/www.europesays.com\/fr\/wp-json\/wp\/v2\/media?parent=570099"}],"wp:term":[{"taxonomy":"category","embeddable":true,"href":"https:\/\/www.europesays.com\/fr\/wp-json\/wp\/v2\/categories?post=570099"},{"taxonomy":"post_tag","embeddable":true,"href":"https:\/\/www.europesays.com\/fr\/wp-json\/wp\/v2\/tags?post=570099"}],"curies":[{"name":"wp","href":"https:\/\/api.w.org\/{rel}","templated":true}]}}