{"id":570101,"date":"2025-12-01T02:51:24","date_gmt":"2025-12-01T02:51:24","guid":{"rendered":"https:\/\/www.europesays.com\/fr\/570101\/"},"modified":"2025-12-01T02:51:24","modified_gmt":"2025-12-01T02:51:24","slug":"en-gironde-il-devient-docteur-en-droit-a-lage-de-89-ans","status":"publish","type":"post","link":"https:\/\/www.europesays.com\/fr\/570101\/","title":{"rendered":"en Gironde, il devient docteur en droit \u00e0 l\u2019\u00e2ge de 89\u00a0ans"},"content":{"rendered":"<p>\u00ab\u00a0J\u2019ai toujours regrett\u00e9 d\u2019avoir abandonn\u00e9 ma th\u00e8se\u00a0\u00bb, sourit le d\u00e9sormais nonag\u00e9naire. Le regard rieur, le verbe facile, il re\u00e7oit \u00e0 son domicile, un ancien chai r\u00e9am\u00e9nag\u00e9. Jean-Marie Goizet, pur Lussacais, a repris jeune homme la charge de son p\u00e8re, \u00ab\u00a0celle de son p\u00e8re avant lui\u00a0\u00bb. Retrait\u00e9 \u00e0 60\u00a0ans, au mitan des ann\u00e9es 1990, Il s\u2019est ensuite consacr\u00e9 aux vignes familiales. \u00ab\u00a0Mais c\u2019est termin\u00e9, m\u00eame si j\u2019habite toujours sur place, tout a \u00e9t\u00e9 vendu apr\u00e8s la mort de ma m\u00e8re.\u00a0\u00bb Reprendre une carte d\u2019\u00e9tudiant s\u2019est impos\u00e9. Mais l\u00e0 o\u00f9 certains se font plaisir \u00e0 d\u00e9couvrir une nouvelle discipline, lui a choisi de reprendre ses travaux dans une sp\u00e9cialit\u00e9 pour le moins pointue. \u00ab\u00a0Je ne pouvais pas avoir fait tout \u00e7a pour rien. Il fallait que je m\u2019y remette\u2026\u00a0\u00bb<\/p>\n<p>Sentiment d\u2019inachev\u00e9<\/p>\n<p>Son sujet de th\u00e8se originel\u00a0? \u00ab\u00a0Le verre, mat\u00e9riau moderne de construction, et les servitudes du Code civil\u00a0\u00bb. \u00ab\u00a0J\u2019\u00e9tais d\u00e9j\u00e0 clerc de notaire, raconte le titulaire d\u2019un dipl\u00f4me d\u2019\u00e9tudes sup\u00e9rieures en droit priv\u00e9. Lorsque j\u2019ai fait lire mon travail \u00e0 mon directeur de th\u00e8se, il y a vu une premi\u00e8re partie, \u00e0 compl\u00e9ter par une approche sur la responsabilit\u00e9 des constructeurs. Je ne pouvais le faire en plus de mon travail\u2026\u00a0\u00bb<\/p>\n<p>Jean-Marie Plazy conna\u00eet bien ce sentiment. \u00ab\u00a0Il y a toujours ce sentiment d\u2019inachev\u00e9 chez les \u00e9tudiants contraints d\u2019abandonner en route\u00a0\u00bb, d\u00e9crypte ce professeur de droit priv\u00e9 \u00e0 la Facult\u00e9 de droit et de sciences politiques de l\u2019Universit\u00e9 de Bordeaux. Il ne cache cependant pas avoir \u00e9t\u00e9 surpris de voir d\u00e9bouler cet \u00e9tudiant atypique. \u00ab\u00a0Nous avons discut\u00e9 du sujet qui \u00e9tait ancien. Et de ce qu\u2019on attendait aujourd\u2019hui d\u2019une th\u00e8se. Son travail de l\u2019\u00e9poque ne correspondait pas aux canons actuels. Mais cela ne lui a pas fait peur.\u00a0\u00bb<\/p>\n<p>Remise \u00e0 jour<\/p>\n<p>Jean-Marie Goizet confesse malgr\u00e9 tout qu\u2019il n\u2019avait pas imagin\u00e9 y consacrer autant de temps. Six ans \u00e0 vivre sa th\u00e8se, \u00e0 y penser tous les jours, \u00e0 effectuer d\u2019innombrables recherches, \u00e0 remettre en question ce qu\u2019il pensait conna\u00eetre\u2026 \u00ab\u00a0J\u2019ai d\u00fb travailler le droit de l\u2019urbanisme, celui de la construction. Et le droit de l\u2019environnement, qui n\u2019existait pas \u00e0 l\u2019\u00e9poque, qui s\u2019impose partout aujourd\u2019hui. Il y a tout ce qui rel\u00e8ve de la jurisprudence. Il faut \u00e9galement documenter tout ce qui a \u00e9t\u00e9 \u00e9crit sur la question\u2026\u00a0\u00bb<\/p>\n<p>Six ans, malgr\u00e9 tout, c\u2019est long, tr\u00e8s long. Il confesse avoir connu des moments d\u2019abattement. \u00ab\u00a0Il a exp\u00e9riment\u00e9 le doute, le stress des d\u00e9lais, et m\u00eame celui des plantages informatiques\u00a0\u00bb, en sourit aujourd\u2019hui son fils Cyril, professeur de m\u00e9decine \u00e0 Bordeaux, qui a gard\u00e9 un \u0153il sur l\u2019\u00e9tat de sant\u00e9 de son p\u00e8re. \u00ab\u00a0Il a pris de plein fouet la p\u00e9riode Covid. Il a d\u00fb \u00e9galement rattraper son retard dans le domaine du num\u00e9rique. Et il y a tant de choses qu\u2019il a d\u00fb \u00e9tudier dont on ne se souciait pas \u00e0 l\u2019\u00e9poque.\u00a0\u00bb Une exp\u00e9rience formidable, estime-t-il, m\u00eame s\u2019il reconna\u00eet qu\u2019il \u00e9tait bizarre de voir son p\u00e8re envahir de documents la table familiale durant les vacances.<\/p>\n<p>Le nouveau docteur<\/p>\n<p>Jean-Marie Goizet a tenu bon. \u00ab\u00a0Cela a dur\u00e9 plus longtemps qu\u2019une th\u00e8se classique\u00a0\u00bb, confirme Jean-Marie Plazy, qui reconna\u00eet avoir parfois donn\u00e9 priorit\u00e9 \u00e0 ses th\u00e9sards plus jeunes, \u00ab\u00a0pour qui la carri\u00e8re est \u00e0 venir\u00a0\u00bb. \u00ab\u00a0Mais il est all\u00e9 au bout. Il m\u00e9rite pleinement de porter son titre de docteur en droit.\u00a0\u00bb Un titre qu\u2019il a gagn\u00e9 au terme d\u2019une soutenance, son travail devenu \u00ab\u00a0Le verre, mat\u00e9riau de construction et le droit\u00a0\u00bb, devant un jury n\u00e9cessairement pointilleux.<\/p>\n","protected":false},"excerpt":{"rendered":"\u00ab\u00a0J\u2019ai toujours regrett\u00e9 d\u2019avoir abandonn\u00e9 ma th\u00e8se\u00a0\u00bb, sourit le d\u00e9sormais nonag\u00e9naire. Le regard rieur, le verbe facile, il&hellip;\n","protected":false},"author":2,"featured_media":570102,"comment_status":"","ping_status":"","sticky":false,"template":"","format":"standard","meta":{"footnotes":""},"categories":[2817],"tags":[1111,11,1997,1777,674,1011,27,12,2219,25],"class_list":{"0":"post-570101","1":"post","2":"type-post","3":"status-publish","4":"format-standard","5":"has-post-thumbnail","7":"category-bordeaux","8":"tag-actu","9":"tag-actualites","10":"tag-bordeaux","11":"tag-eu","12":"tag-europe","13":"tag-fr","14":"tag-france","15":"tag-news","16":"tag-nouvelle-aquitaine","17":"tag-republique-francaise"},"share_on_mastodon":{"url":"https:\/\/pubeurope.com\/@fr\/115642045874180777","error":""},"_links":{"self":[{"href":"https:\/\/www.europesays.com\/fr\/wp-json\/wp\/v2\/posts\/570101","targetHints":{"allow":["GET"]}}],"collection":[{"href":"https:\/\/www.europesays.com\/fr\/wp-json\/wp\/v2\/posts"}],"about":[{"href":"https:\/\/www.europesays.com\/fr\/wp-json\/wp\/v2\/types\/post"}],"author":[{"embeddable":true,"href":"https:\/\/www.europesays.com\/fr\/wp-json\/wp\/v2\/users\/2"}],"replies":[{"embeddable":true,"href":"https:\/\/www.europesays.com\/fr\/wp-json\/wp\/v2\/comments?post=570101"}],"version-history":[{"count":0,"href":"https:\/\/www.europesays.com\/fr\/wp-json\/wp\/v2\/posts\/570101\/revisions"}],"wp:featuredmedia":[{"embeddable":true,"href":"https:\/\/www.europesays.com\/fr\/wp-json\/wp\/v2\/media\/570102"}],"wp:attachment":[{"href":"https:\/\/www.europesays.com\/fr\/wp-json\/wp\/v2\/media?parent=570101"}],"wp:term":[{"taxonomy":"category","embeddable":true,"href":"https:\/\/www.europesays.com\/fr\/wp-json\/wp\/v2\/categories?post=570101"},{"taxonomy":"post_tag","embeddable":true,"href":"https:\/\/www.europesays.com\/fr\/wp-json\/wp\/v2\/tags?post=570101"}],"curies":[{"name":"wp","href":"https:\/\/api.w.org\/{rel}","templated":true}]}}