{"id":570105,"date":"2025-12-01T02:53:14","date_gmt":"2025-12-01T02:53:14","guid":{"rendered":"https:\/\/www.europesays.com\/fr\/570105\/"},"modified":"2025-12-01T02:53:14","modified_gmt":"2025-12-01T02:53:14","slug":"deux-francais-extrades-du-maroc-et-places-en-detention-a-toulouse","status":"publish","type":"post","link":"https:\/\/www.europesays.com\/fr\/570105\/","title":{"rendered":"deux Fran\u00e7ais extrad\u00e9s du Maroc et plac\u00e9s en d\u00e9tention \u00e0 Toulouse"},"content":{"rendered":"<p>Deux ressortissants fran\u00e7ais extrad\u00e9s <a href=\"https:\/\/www.laprovence.com\/article\/france-monde\/4976185397989814\/immigration-contrats-macron-poursuit-sa-visite-detat-au-maroc\" target=\"_blank\" rel=\"noopener\">du Maroc<\/a> ont \u00e9t\u00e9 mis en examen ce vendredi \u00e0 Toulouse et plac\u00e9s en d\u00e9tention provisoire dans le cadre du d\u00e9mant\u00e8lement d\u2019un <a href=\"https:\/\/www.laprovence.com\/article\/faits-divers-justice\/95759548464838\/un-trafic-de-stups-demantele-entre-espagne-et-france-13-arrestations-au-terme-dune-enquete-de-pres-de-deux-ans\" target=\"_blank\" rel=\"noopener\">r\u00e9seau d\u2019importation de drogue entre l\u2019Espagne et la France<\/a>, a annonc\u00e9 ce dimanche le parquet de la Ville rose.<\/p>\n<p>Les deux suspects, \u00e2g\u00e9s de 27 et 28\u00a0ans, sont poursuivis pour \u00ab\u00a0trafic de stup\u00e9fiants, importation en bande organis\u00e9e de stup\u00e9fiants et blanchiment en bande organis\u00e9e de trafic de stup\u00e9fiants, sur une p\u00e9riode allant de janvier\u00a02021 \u00e0 f\u00e9vrier\u00a02024\u00a0\u00bb, a pr\u00e9cis\u00e9 le procureur de la R\u00e9publique de Toulouse <a href=\"https:\/\/www.laprovence.com\/article\/faits-divers-justice\/3863373364376214\/feminicide-a-toulouse-un-homme-avoue-avoir-tue-sa-compagne-a-coups-de-couteau\" target=\"_blank\" rel=\"noopener\">David Charmatz<\/a> dans un communiqu\u00e9.<\/p>\n<p>Ils sont soup\u00e7onn\u00e9s de faire partie des dirigeants du r\u00e9seau dit \u00ab\u00a0Arai Farmers\u00a0\u00bb, un r\u00e9seau \u00ab\u00a0op\u00e9rant depuis Barcelone sous l\u2019autorit\u00e9 de commanditaires install\u00e9s au Maroc, en utilisant la messagerie Telegram\u00a0\u00bb, a-t-il ajout\u00e9.<\/p>\n<p>Incarc\u00e9r\u00e9s au Maroc avant d\u2019\u00eatre remis \u00e0 la France<\/p>\n<p>Ces deux Toulousains \u00e9taient vis\u00e9s par un mandat d\u2019arr\u00eat europ\u00e9en depuis avril\u00a02024, comme deux autres dirigeants pr\u00e9sum\u00e9s du r\u00e9seau, en raison de leur fuite au Maroc, selon le communiqu\u00e9.\u00a0En juin, le premier des quatre chefs pr\u00e9sum\u00e9s avait \u00e9t\u00e9 arr\u00eat\u00e9 \u00e0 son retour en France apr\u00e8s 18 mois au Maroc, puis mis en examen et incarc\u00e9r\u00e9, a ajout\u00e9 le procureur.<\/p>\n<p>Deux autres, \u00ab\u00a0tous les deux en \u00e9tat de r\u00e9cidive l\u00e9gale\u00a0\u00bb, ont \u00e9t\u00e9 interpell\u00e9s en f\u00e9vrier\u00a02025 et incarc\u00e9r\u00e9s au Maroc avant d\u2019\u00eatre remis \u00e0 la France et transport\u00e9s \u00e0 Toulouse vendredi, a pr\u00e9cis\u00e9 David Charmatz, selon lequel les investigations se poursuivent pour obtenir l\u2019extradition des individus restant en fuite.<\/p>\n<p>Au cours de cette enqu\u00eate, lanc\u00e9e par la section de recherches de gendarmerie de Toulouse apr\u00e8s une tentative d\u2019assassinat en\u00a02021, deux vagues d\u2019interpellations ont conduit \u00e0 la mise en examen \u00e0 ce jour de 40 personnes, dont 15 sont en d\u00e9tention, d\u2019apr\u00e8s le communiqu\u00e9.\u00a0Selon le procureur, cette organisation criminelle \u00ab\u00a0alimentait des r\u00e9seaux de livraison ainsi que des envois de colis vers plusieurs villes du territoire national\u00a0\u00bb en s\u2019appuyant \u00ab\u00a0sur des appartements nourriciers en r\u00e9gion toulousaine\u00a0\u00bb.<\/p>\n<p>\u00ab\u00a0Les approvisionnements en coca\u00efne depuis Barcelone \u00e9taient assur\u00e9s via des v\u00e9hicules \u00e9quip\u00e9s de caches hydrauliques ou de r\u00e9servoirs am\u00e9nag\u00e9s. Les investigations, men\u00e9es en \u00e9troite coop\u00e9ration avec la Guardia Civil, ont aussi permis de mettre au jour des circuits de blanchiment, notamment par de fausses factures et des flux en cryptomonnaies\u00a0\u00bb, a poursuivi le communiqu\u00e9.<\/p>\n<p>La fronti\u00e8re entre la France et l\u2019Espagne est un des principaux points d\u2019entr\u00e9e de drogue en France.<\/p>\n<p>Les deux tiers des stup\u00e9fiants qui rentrent dans l\u2019Hexagone transitent <a href=\"https:\/\/www.laprovence.com\/article\/faits-divers-justice\/2869441093780214\/un-convoi-avec-32-kilos-de-cocaine-intercepte-par-lofast-de-marseille-a-cavaillon\" target=\"_blank\" rel=\"noopener\">par l\u2019autoroute A9<\/a> longeant le littoral m\u00e9diterran\u00e9en entre la France et l\u2019Espagne, selon l\u2019ex-procureur de la R\u00e9publique de Perpignan, Jean-David Cavaill\u00e9.<\/p>\n","protected":false},"excerpt":{"rendered":"Deux ressortissants fran\u00e7ais extrad\u00e9s du Maroc ont \u00e9t\u00e9 mis en examen ce vendredi \u00e0 Toulouse et plac\u00e9s en&hellip;\n","protected":false},"author":2,"featured_media":570106,"comment_status":"","ping_status":"","sticky":false,"template":"","format":"standard","meta":{"footnotes":""},"categories":[2816],"tags":[17,1111,11,4773,4070,1777,674,45660,274,1011,3844,27,2223,8721,12,2680,18433,25,2312],"class_list":{"0":"post-570105","1":"post","2":"type-post","3":"status-publish","4":"format-standard","5":"has-post-thumbnail","7":"category-toulouse","8":"tag-17","9":"tag-actu","10":"tag-actualites","11":"tag-detention","12":"tag-deux","13":"tag-eu","14":"tag-europe","15":"tag-extrades","16":"tag-faits-divers-justice","17":"tag-fr","18":"tag-francais","19":"tag-france","20":"tag-maroc","21":"tag-narcotrafic","22":"tag-news","23":"tag-occitanie","24":"tag-places","25":"tag-republique-francaise","26":"tag-toulouse"},"share_on_mastodon":{"url":"https:\/\/pubeurope.com\/@fr\/115642053660165848","error":""},"_links":{"self":[{"href":"https:\/\/www.europesays.com\/fr\/wp-json\/wp\/v2\/posts\/570105","targetHints":{"allow":["GET"]}}],"collection":[{"href":"https:\/\/www.europesays.com\/fr\/wp-json\/wp\/v2\/posts"}],"about":[{"href":"https:\/\/www.europesays.com\/fr\/wp-json\/wp\/v2\/types\/post"}],"author":[{"embeddable":true,"href":"https:\/\/www.europesays.com\/fr\/wp-json\/wp\/v2\/users\/2"}],"replies":[{"embeddable":true,"href":"https:\/\/www.europesays.com\/fr\/wp-json\/wp\/v2\/comments?post=570105"}],"version-history":[{"count":0,"href":"https:\/\/www.europesays.com\/fr\/wp-json\/wp\/v2\/posts\/570105\/revisions"}],"wp:featuredmedia":[{"embeddable":true,"href":"https:\/\/www.europesays.com\/fr\/wp-json\/wp\/v2\/media\/570106"}],"wp:attachment":[{"href":"https:\/\/www.europesays.com\/fr\/wp-json\/wp\/v2\/media?parent=570105"}],"wp:term":[{"taxonomy":"category","embeddable":true,"href":"https:\/\/www.europesays.com\/fr\/wp-json\/wp\/v2\/categories?post=570105"},{"taxonomy":"post_tag","embeddable":true,"href":"https:\/\/www.europesays.com\/fr\/wp-json\/wp\/v2\/tags?post=570105"}],"curies":[{"name":"wp","href":"https:\/\/api.w.org\/{rel}","templated":true}]}}