{"id":570111,"date":"2025-12-01T02:56:36","date_gmt":"2025-12-01T02:56:36","guid":{"rendered":"https:\/\/www.europesays.com\/fr\/570111\/"},"modified":"2025-12-01T02:56:36","modified_gmt":"2025-12-01T02:56:36","slug":"a-marseille-un-professeur-accuse-de-violences-sur-un-eleve-de-6-ans-face-a-la-justice","status":"publish","type":"post","link":"https:\/\/www.europesays.com\/fr\/570111\/","title":{"rendered":"\u00c0 Marseille, un professeur accus\u00e9 de violences sur un \u00e9l\u00e8ve de 6 ans face \u00e0 la justice"},"content":{"rendered":"<p>Que s\u2019est-il pass\u00e9 \u00e0 <a href=\"https:\/\/www.laprovence.com\/article\/region\/36151572694972\/marseille-aux-olives-conflit-entre-metropole-et-ehpad-autour-d-un-mur-qui-menace-de-s-effondrer\" target=\"_blank\" rel=\"noopener\">l\u2019\u00e9cole des Mart\u00e9gaux<\/a> (13e), les 30 janvier et 12 avril 2023 ? D\u2019apr\u00e8s Myriam, m\u00e8re d\u2019un \u00e9l\u00e8ve de 6 ans \u00e0 l\u2019\u00e9poque des faits, son fils \u00ab\u00a0a \u00e9t\u00e9 victime de deux agressions commises par le m\u00eame professeur de CM1\u00a0\u00bb, toujours en poste au sein de l\u2019\u00c9ducation nationale. Convoqu\u00e9 \u00e0 la barre du tribunal correctionnel de Marseille dans le cadre d\u2019une proc\u00e9dure en citation directe &#8211; qui permet \u00e0 la <a href=\"https:\/\/www.laprovence.com\/article\/faits-divers-justice\/57099606833435\/marseille-une-mere-agresse-un-enseignant-decole-primaire-qui-avait-fait-une-remontrance-a-sa-fille\" target=\"_blank\" rel=\"noopener\">victime d\u2019une infraction<\/a> ou sa famille de lancer les poursuites\u00a0-, ce professeur a fait savoir par son avocat \u00ab\u00a0qu\u2019il s\u2019estime totalement innocent des faits qui lui sont reproch\u00e9s\u00a0\u00bb.<\/p>\n<p>Deux versions totalement oppos\u00e9es<\/p>\n<p>Tout commence par un coup de fil. Le 30\u00a0janvier\u00a02023, \u00ab\u00a0la directrice de l\u2019\u00e9cole m\u2019appelle, retrace Myriam, pour me dire que mon fils a pris un coup derri\u00e8re la t\u00eate. Elle est fuyante au t\u00e9l\u00e9phone et me propose de mettre la situation au clair directement avec un professeur de CM1 que je connais, puisqu\u2019il a eu ma fille dans sa classe\u00a0\u00bb, contextualise cette m\u00e8re de famille. Environ deux mois plus tard, c\u2019est jour de carnaval \u00e0 l\u2019\u00e9cole des Mart\u00e9gaux. \u00ab\u00a0Ce m\u00eame professeur saisit mon fils et le jette \u00e0 terre\u00a0\u00bb, ajoute la maman, qui d\u00e9pose plainte aupr\u00e8s de la police avant que l\u2019&#8230;<\/p>\n","protected":false},"excerpt":{"rendered":"Que s\u2019est-il pass\u00e9 \u00e0 l\u2019\u00e9cole des Mart\u00e9gaux (13e), les 30 janvier et 12 avril 2023 ? D\u2019apr\u00e8s Myriam,&hellip;\n","protected":false},"author":2,"featured_media":570112,"comment_status":"","ping_status":"","sticky":false,"template":"","format":"standard","meta":{"footnotes":""},"categories":[2814],"tags":[17,10983,1111,11,1764,17226,1777,674,1011,27,884,12,1127,882,16,25,3356,2949],"class_list":{"0":"post-570111","1":"post","2":"type-post","3":"status-publish","4":"format-standard","5":"has-post-thumbnail","7":"category-marseille","8":"tag-17","9":"tag-accuse","10":"tag-actu","11":"tag-actualites","12":"tag-ans","13":"tag-eleve","14":"tag-eu","15":"tag-europe","16":"tag-fr","17":"tag-france","18":"tag-marseille","19":"tag-news","20":"tag-professeur","21":"tag-provence-alpes-cote-dazur","22":"tag-region","23":"tag-republique-francaise","24":"tag-sur","25":"tag-violences"},"share_on_mastodon":{"url":"https:\/\/pubeurope.com\/@fr\/115642065482675327","error":""},"_links":{"self":[{"href":"https:\/\/www.europesays.com\/fr\/wp-json\/wp\/v2\/posts\/570111","targetHints":{"allow":["GET"]}}],"collection":[{"href":"https:\/\/www.europesays.com\/fr\/wp-json\/wp\/v2\/posts"}],"about":[{"href":"https:\/\/www.europesays.com\/fr\/wp-json\/wp\/v2\/types\/post"}],"author":[{"embeddable":true,"href":"https:\/\/www.europesays.com\/fr\/wp-json\/wp\/v2\/users\/2"}],"replies":[{"embeddable":true,"href":"https:\/\/www.europesays.com\/fr\/wp-json\/wp\/v2\/comments?post=570111"}],"version-history":[{"count":0,"href":"https:\/\/www.europesays.com\/fr\/wp-json\/wp\/v2\/posts\/570111\/revisions"}],"wp:featuredmedia":[{"embeddable":true,"href":"https:\/\/www.europesays.com\/fr\/wp-json\/wp\/v2\/media\/570112"}],"wp:attachment":[{"href":"https:\/\/www.europesays.com\/fr\/wp-json\/wp\/v2\/media?parent=570111"}],"wp:term":[{"taxonomy":"category","embeddable":true,"href":"https:\/\/www.europesays.com\/fr\/wp-json\/wp\/v2\/categories?post=570111"},{"taxonomy":"post_tag","embeddable":true,"href":"https:\/\/www.europesays.com\/fr\/wp-json\/wp\/v2\/tags?post=570111"}],"curies":[{"name":"wp","href":"https:\/\/api.w.org\/{rel}","templated":true}]}}