{"id":570115,"date":"2025-12-01T02:58:19","date_gmt":"2025-12-01T02:58:19","guid":{"rendered":"https:\/\/www.europesays.com\/fr\/570115\/"},"modified":"2025-12-01T02:58:19","modified_gmt":"2025-12-01T02:58:19","slug":"lalliance-pour-lencadrement-des-loyers-reagit-a-letude-de-clameur","status":"publish","type":"post","link":"https:\/\/www.europesays.com\/fr\/570115\/","title":{"rendered":"L\u2019Alliance pour l\u2019encadrement des loyers r\u00e9agit \u00e0 l\u2019\u00e9tude de Clameur"},"content":{"rendered":"<p><img width=\"487\" height=\"299\" src=\"https:\/\/www.europesays.com\/fr\/wp-content\/uploads\/2025\/12\/immeuble86.jpg\" class=\"attachment-post-thumbnail size-post-thumbnail wp-post-image\" alt=\"\" decoding=\"async\" fetchpriority=\"high\" \/><\/p>\n<p>(SdH\/LPI)<\/p>\n<p><strong>L\u2019organisation d\u00e9nonce les conclusions de l\u2019\u00e9tude dont la m\u00e9thodologie n\u2019a pas \u00e9t\u00e9 rendue publique.<\/strong><\/p>\n<p>Une r\u00e9cente \u00e9tude sur l\u2019encadrement des loyers a \u00e9t\u00e9 publi\u00e9e par Clameur. L\u2019Alliance pour l\u2019encadrement des loyers, qui d\u00e9fend la p\u00e9rennisation, l&rsquo;\u00e9largissement et l\u2019am\u00e9lioration de l&rsquo;encadrement des loyers, a fermement contest\u00e9 l\u2019analyse pr\u00e9sent\u00e9e par l\u2019observatoire, selon laquelle le dispositif n\u2019aurait aucun impact sur les prix et p\u00e9naliserait l\u2019offre locative. Selon elle, \u00abces conclusions rapides s\u2019\u00e9cartent d\u2019ailleurs de certains enseignements de l\u2019\u00e9tude acad\u00e9mique sur laquelle elles pr\u00e9tendent s\u2019appuyer\u00bb.<\/p>\n<p>L\u2019Alliance pour l\u2019encadrement des loyers est compos\u00e9e des collectivit\u00e9s exp\u00e9rimentatrices du dispositif, comme Lyon, Villeurbanne, et Grenoble, mais aussi Paris, Lille, Bordeaux, les Pays-Basques, Plaine Commune, Est Ensemble, Marseille. Elle a ainsi rappel\u00e9 que, dans un contexte de crise du logement, l\u2019objectif du dispositif vise \u00e0 mod\u00e9rer la hausse des loyers dans les zones en tension, et non \u00e0 les faire baisser. \u00abCette r\u00e9gulation prot\u00e8ge le pouvoir d\u2019achat des locataires face \u00e0 des loyers excessifs, alors que le logement constitue le premier poste de d\u00e9penses des Fran\u00e7ais\u00a0\u00bb, note l\u2019Alliance pour l\u2019Alliance pour l\u2019encadrement des loyers, qui fustige en outre le cadre scientifique peu transparent de l\u2019\u00e9tude. <\/p>\n<p><img decoding=\"async\" src=\"https:\/\/www.europesays.com\/fr\/wp-content\/uploads\/2025\/04\/abonnezvouslarge.jpg\" alt=\"\" \/><\/p>\n<p>Pour lire la totalit\u00e9 de l&rsquo;article,<strong> <a href=\"http:\/\/www.lyonpoleimmo.com\/membership-options-page\/\" target=\"_blank\" rel=\"noopener\">abonnez-vous<\/a> <\/strong>ou <a href=\"http:\/\/www.lyonpoleimmo.com\/senregistrer\/\" target=\"_blank\" rel=\"noopener\"><strong>identifiez-vous<\/strong><\/a>  <\/p>\n<p><strong>Si vous avez appr\u00e9ci\u00e9 cet article, s&rsquo;il vous plait, prenez le temps de <a href=\"#comments\">laisser un commentaire<\/a> ou de <a href=\"http:\/\/www.lyonpoleimmo.com\/feed\/\" target=\"_blank\" rel=\"noopener\">souscrire au flux<\/a> afin de recevoir les futurs articles directement dans votre lecteur de flux.<br \/>\n    <\/strong><\/p>\n<p>\t<a href=\"http:\/\/www.lyonpoleimmo.com\/2025\/11\/13\/92911\/un-leger-mieux-pour-le-marche-locatif-qui-reste-sous-forte-tension\/\" rel=\"bookmark noopener\" title=\"Lien Permanent vers Un l\u00e9ger mieux pour le march\u00e9 locatif, qui reste sous forte tension\" target=\"_blank\">Un l\u00e9ger mieux pour le march\u00e9 locatif, qui reste sous forte tension<\/a><\/p>\n<p>\t<a href=\"http:\/\/www.lyonpoleimmo.com\/2025\/11\/13\/92911\/un-leger-mieux-pour-le-marche-locatif-qui-reste-sous-forte-tension\/\" rel=\"bookmark noopener\" title=\"Lien Permanent vers Un l\u00e9ger mieux pour le march\u00e9 locatif, qui reste sous forte tension\" target=\"_blank\"><\/p>\n<p>L\u2019Observatoire Guy Hoquet Location a fait un point jeudi sur le march\u00e9 locatif en France.<\/p>\n<p><\/a><\/p>\n<p>\t<a href=\"http:\/\/www.lyonpoleimmo.com\/2025\/11\/03\/92783\/encadrement-des-loyers-a-lyon-nouvel-arrete-de-la-prefecture-du-rhone\/\" rel=\"bookmark noopener\" title=\"Lien Permanent vers Encadrement des loyers \u00e0 Lyon : nouvel arr\u00eat\u00e9 de la pr\u00e9fecture du Rh\u00f4ne\" target=\"_blank\">Encadrement des loyers \u00e0 Lyon : nouvel arr\u00eat\u00e9 de la pr\u00e9fecture du Rh\u00f4ne<\/a><\/p>\n<p>\t<a href=\"http:\/\/www.lyonpoleimmo.com\/2025\/11\/03\/92783\/encadrement-des-loyers-a-lyon-nouvel-arrete-de-la-prefecture-du-rhone\/\" rel=\"bookmark noopener\" title=\"Lien Permanent vers Encadrement des loyers \u00e0 Lyon : nouvel arr\u00eat\u00e9 de la pr\u00e9fecture du Rh\u00f4ne\" target=\"_blank\"><\/p>\n<p>La M\u00e9tropole de Lyon a, dans un communiqu\u00e9 ce lundi, indiqu\u00e9 que l\u2019encadrement des loyers continue de s\u2019appliquer \u00e0 Lyon et Villeurbanne.<\/p>\n<p><\/a><\/p>\n<p>\t<a href=\"http:\/\/www.lyonpoleimmo.com\/2025\/10\/16\/92552\/une-veritable-victoire-pour-lunpi-une-victoire-pour-les-proprietaires\/\" rel=\"bookmark noopener\" title=\"Lien Permanent vers \u00abUne v\u00e9ritable victoire pour l\u2019UNPI, une victoire pour les propri\u00e9taires\u00bb\" target=\"_blank\">\u00abUne v\u00e9ritable victoire pour l\u2019UNPI, une victoire pour les propri\u00e9taires\u00bb<\/a><\/p>\n<p>\t<a href=\"http:\/\/www.lyonpoleimmo.com\/2025\/10\/16\/92552\/une-veritable-victoire-pour-lunpi-une-victoire-pour-les-proprietaires\/\" rel=\"bookmark noopener\" title=\"Lien Permanent vers \u00abUne v\u00e9ritable victoire pour l\u2019UNPI, une victoire pour les propri\u00e9taires\u00bb\" target=\"_blank\"><\/p>\n<p><img decoding=\"async\" src=\"https:\/\/www.europesays.com\/fr\/wp-content\/uploads\/2025\/12\/Grataloup-2.jpg\" alt=\"null\" \/>Sylvain Grataloup est le pr\u00e9sident de l\u2019UNPI. Nous commentons avec lui la r\u00e9cente annulation de l\u2019arr\u00eat\u00e9 de l\u2019encadrement des loyers pour 2023. Nous \u00e9voquons \u00e9galement les r\u00e9sultats 2025 de l\u2019observatoire des taxes fonci\u00e8res r\u00e9alis\u00e9 par l\u2019Union des propri\u00e9taires d\u00e9voil\u00e9s ce mercredi.<\/p>\n<p><\/a><\/p>\n<p>\t<a href=\"http:\/\/www.lyonpoleimmo.com\/2025\/10\/15\/92545\/le-tribunal-administratif-annule-larrete-de-lencadrement-des-loyers\/\" rel=\"bookmark noopener\" title=\"Lien Permanent vers Le tribunal administratif annule l\u2019arr\u00eat\u00e9 de l\u2019encadrement des loyers\" target=\"_blank\">Le tribunal administratif annule l\u2019arr\u00eat\u00e9 de l\u2019encadrement des loyers<\/a><\/p>\n<p>\t<a href=\"http:\/\/www.lyonpoleimmo.com\/2025\/10\/15\/92545\/le-tribunal-administratif-annule-larrete-de-lencadrement-des-loyers\/\" rel=\"bookmark noopener\" title=\"Lien Permanent vers Le tribunal administratif annule l\u2019arr\u00eat\u00e9 de l\u2019encadrement des loyers\" target=\"_blank\"><\/p>\n<p>Le tribunal administratif de Lyon a annul\u00e9 l\u2019arr\u00eat\u00e9 pr\u00e9fectoral relatif \u00e0 l\u2019encadrement des loyers. Un nouvel arr\u00eat\u00e9 sera pris d\u00e9but novembre.<\/p>\n<p><\/a><\/p>\n<p>\t<a href=\"http:\/\/www.lyonpoleimmo.com\/2025\/09\/25\/92282\/la-perennisation-de-lencadrement-des-loyers-preconisee-par-un-rapport\/\" rel=\"bookmark noopener\" title=\"Lien Permanent vers La p\u00e9rennisation de l\u2019encadrement des loyers pr\u00e9conis\u00e9e par un rapport\" target=\"_blank\">La p\u00e9rennisation de l\u2019encadrement des loyers pr\u00e9conis\u00e9e par un rapport<\/a><\/p>\n<p>\t<a href=\"http:\/\/www.lyonpoleimmo.com\/2025\/09\/25\/92282\/la-perennisation-de-lencadrement-des-loyers-preconisee-par-un-rapport\/\" rel=\"bookmark noopener\" title=\"Lien Permanent vers La p\u00e9rennisation de l\u2019encadrement des loyers pr\u00e9conis\u00e9e par un rapport\" target=\"_blank\"><\/p>\n<p><img decoding=\"async\" src=\"https:\/\/www.europesays.com\/fr\/wp-content\/uploads\/2025\/12\/appartement.jpg\" \/>Cette pr\u00e9conisation est contenue dans un rapport parlementaire d\u2019\u00e9valuation de l\u2019encadrement des loyers.<\/p>\n<p><\/a><\/p>\n<p>\t<a href=\"http:\/\/www.lyonpoleimmo.com\/2025\/09\/22\/92235\/saint-priest-parmi-les-villes-ou-investir-en-prenant-en-compte-le-dpe\/\" rel=\"bookmark noopener\" title=\"Lien Permanent vers Saint-Priest parmi les villes o\u00f9 investir, en prenant en compte le DPE\" target=\"_blank\">Saint-Priest parmi les villes o\u00f9 investir, en prenant en compte le DPE<\/a><\/p>\n<p>\t<a href=\"http:\/\/www.lyonpoleimmo.com\/2025\/09\/22\/92235\/saint-priest-parmi-les-villes-ou-investir-en-prenant-en-compte-le-dpe\/\" rel=\"bookmark noopener\" title=\"Lien Permanent vers Saint-Priest parmi les villes o\u00f9 investir, en prenant en compte le DPE\" target=\"_blank\"><\/p>\n<p>C\u2019est le constat dress\u00e9 par Maslow.immo, qui a r\u00e9cemment publi\u00e9 un classement in\u00e9dit des territoires o\u00f9 la croissance s\u2019accompagne ou non d\u2019un parc r\u00e9ellement performant.<\/p>\n<p><\/a><\/p>\n<p>\t<a href=\"http:\/\/www.lyonpoleimmo.com\/2025\/09\/18\/92195\/partenariat-entre-lunis-et-economie-denergie\/\" rel=\"bookmark noopener\" title=\"Lien Permanent vers Partenariat entre l\u2019UNIS et \u00c9conomie d\u2019\u00c9nergie\" target=\"_blank\">Partenariat entre l\u2019UNIS et \u00c9conomie d\u2019\u00c9nergie<\/a><\/p>\n<p>\t<a href=\"http:\/\/www.lyonpoleimmo.com\/2025\/09\/18\/92195\/partenariat-entre-lunis-et-economie-denergie\/\" rel=\"bookmark noopener\" title=\"Lien Permanent vers Partenariat entre l\u2019UNIS et \u00c9conomie d\u2019\u00c9nergie\" target=\"_blank\"><\/p>\n<p>Les deux organismes ont sign\u00e9 un partenariat pour acc\u00e9l\u00e9rer la r\u00e9novation \u00e9nerg\u00e9tique des copropri\u00e9t\u00e9s.<\/p>\n<p><\/a><\/p>\n<p>\t<a href=\"http:\/\/www.lyonpoleimmo.com\/2025\/09\/10\/92094\/bienici-decrit-une-forte-tension-locative\/\" rel=\"bookmark noopener\" title=\"Lien Permanent vers Bien\u2019ici d\u00e9crit une forte tension locative\" target=\"_blank\">Bien\u2019ici d\u00e9crit une forte tension locative<\/a><\/p>\n<p>\t<a href=\"http:\/\/www.lyonpoleimmo.com\/2025\/09\/10\/92094\/bienici-decrit-une-forte-tension-locative\/\" rel=\"bookmark noopener\" title=\"Lien Permanent vers Bien\u2019ici d\u00e9crit une forte tension locative\" target=\"_blank\"><\/p>\n<p><img decoding=\"async\" src=\"https:\/\/www.europesays.com\/fr\/wp-content\/uploads\/2025\/10\/immeubles.jpg\" alt=\"null\" \/>La plateforme a d\u00e9crit un march\u00e9 locatif marqu\u00e9 par une offre au plancher, une demande en hausse, et des loyers en hausse.<\/p>\n<p><\/a><\/p>\n<p>\t<a href=\"http:\/\/www.lyonpoleimmo.com\/2025\/09\/09\/92080\/suisse-baisse-du-taux-de-vacance-des-logements\/\" rel=\"bookmark noopener\" title=\"Lien Permanent vers Suisse\u00a0: baisse du taux de vacance des logements\" target=\"_blank\">Suisse\u00a0: baisse du taux de vacance des logements<\/a><\/p>\n<p>\t<a href=\"http:\/\/www.lyonpoleimmo.com\/2025\/09\/09\/92080\/suisse-baisse-du-taux-de-vacance-des-logements\/\" rel=\"bookmark noopener\" title=\"Lien Permanent vers Suisse\u00a0: baisse du taux de vacance des logements\" target=\"_blank\"><\/p>\n<p>Le taux de logements vacants est tomb\u00e9 \u00e0 1% en 2025.<\/p>\n<p><\/a><\/p>\n<p>\t<a href=\"http:\/\/www.lyonpoleimmo.com\/2025\/09\/01\/91949\/hausse-de-67-du-loyer-en-colocation-sur-un-an\/\" rel=\"bookmark noopener\" title=\"Lien Permanent vers Hausse de 6,7% du loyer en colocation sur un an\" target=\"_blank\">Hausse de 6,7% du loyer en colocation sur un an<\/a><\/p>\n<p>\t<a href=\"http:\/\/www.lyonpoleimmo.com\/2025\/09\/01\/91949\/hausse-de-67-du-loyer-en-colocation-sur-un-an\/\" rel=\"bookmark noopener\" title=\"Lien Permanent vers Hausse de 6,7% du loyer en colocation sur un an\" target=\"_blank\"><\/p>\n<p><img decoding=\"async\" src=\"https:\/\/www.europesays.com\/fr\/wp-content\/uploads\/2025\/12\/immeuble55.jpg\" alt=\"null\" \/>Selon LocService.fr, le loyer moyen charges comprises pour une chambre en colocation en France ressort \u00e0 508\u20ac en 2025, contre 476\u20ac au m\u00eame moment l\u2019an dernier.<\/p>\n<p><\/a><\/p>\n<p>\t<a href=\"http:\/\/www.lyonpoleimmo.com\/2025\/09\/01\/91954\/saint-genis-laval-vers-une-renovation-de-la-residence-autonomie-le-colombier\/\" rel=\"bookmark noopener\" title=\"Lien Permanent vers Saint-Genis-Laval\u00a0: vers une r\u00e9novation de la r\u00e9sidence autonomie \u00abLe Colombier\u00bb\" target=\"_blank\">Saint-Genis-Laval\u00a0: vers une r\u00e9novation de la r\u00e9sidence autonomie \u00abLe Colombier\u00bb<\/a><\/p>\n<p>\t<a href=\"http:\/\/www.lyonpoleimmo.com\/2025\/09\/01\/91954\/saint-genis-laval-vers-une-renovation-de-la-residence-autonomie-le-colombier\/\" rel=\"bookmark noopener\" title=\"Lien Permanent vers Saint-Genis-Laval\u00a0: vers une r\u00e9novation de la r\u00e9sidence autonomie \u00abLe Colombier\u00bb\" target=\"_blank\"><\/p>\n<p>CDC Habitat Auvergne-Rh\u00f4ne Alpes et la ville de Saint-Genis-Laval se sont engag\u00e9es dans une r\u00e9novation de la r\u00e9sidence autonomie \u00abLe Colombier\u00bb.<\/p>\n<p><\/a><\/p>\n<p>\t<a href=\"http:\/\/www.lyonpoleimmo.com\/2025\/07\/08\/91585\/une-convention-de-partenariat-elargie-entre-soliha-et-la-metropole-de-lyon\/\" rel=\"bookmark noopener\" title=\"Lien Permanent vers Une convention de partenariat \u00e9largie entre Soliha et la M\u00e9tropole de Lyon\" target=\"_blank\">Une convention de partenariat \u00e9largie entre Soliha et la M\u00e9tropole de Lyon<\/a><\/p>\n<p>\t<a href=\"http:\/\/www.lyonpoleimmo.com\/2025\/07\/08\/91585\/une-convention-de-partenariat-elargie-entre-soliha-et-la-metropole-de-lyon\/\" rel=\"bookmark noopener\" title=\"Lien Permanent vers Une convention de partenariat \u00e9largie entre Soliha et la M\u00e9tropole de Lyon\" target=\"_blank\"><\/p>\n<p><img decoding=\"async\" src=\"https:\/\/www.europesays.com\/fr\/wp-content\/uploads\/2025\/07\/soliha.jpg\" alt=\"null\" \/>A l\u2019occasion des 20 ans de leur partenariat, celui-ci a \u00e9t\u00e9 confirm\u00e9 avec la signature d\u2019une nouvelle convention.<\/p>\n<p><\/a><\/p>\n<p>\t<a href=\"http:\/\/www.lyonpoleimmo.com\/2025\/07\/07\/91567\/la-cohabitation-solidaire-encouragee-par-la-metropole-de-lyon\/\" rel=\"bookmark noopener\" title=\"Lien Permanent vers La cohabitation solidaire encourag\u00e9e par la M\u00e9tropole de Lyon\" target=\"_blank\">La cohabitation solidaire encourag\u00e9e par la M\u00e9tropole de Lyon<\/a><\/p>\n<p>\t<a href=\"http:\/\/www.lyonpoleimmo.com\/2025\/07\/07\/91567\/la-cohabitation-solidaire-encouragee-par-la-metropole-de-lyon\/\" rel=\"bookmark noopener\" title=\"Lien Permanent vers La cohabitation solidaire encourag\u00e9e par la M\u00e9tropole de Lyon\" target=\"_blank\"><\/p>\n<p>La collectivit\u00e9 encourage ce type d\u2019habitat afin de favoriser l\u2019acc\u00e8s au logement et lutter contre l\u2019isolement des seniors.<\/p>\n<p><\/a><\/p>\n<p>\t<a href=\"http:\/\/www.lyonpoleimmo.com\/2025\/07\/03\/91533\/le-portefeuille-de-victor-investissements-compte-desormais-800-appartements\/\" rel=\"bookmark noopener\" title=\"Lien Permanent vers Le portefeuille de Victor Investissements compte d\u00e9sormais 800 appartements\" target=\"_blank\">Le portefeuille de Victor Investissements compte d\u00e9sormais 800 appartements<\/a><\/p>\n<p>\t<a href=\"http:\/\/www.lyonpoleimmo.com\/2025\/07\/03\/91533\/le-portefeuille-de-victor-investissements-compte-desormais-800-appartements\/\" rel=\"bookmark noopener\" title=\"Lien Permanent vers Le portefeuille de Victor Investissements compte d\u00e9sormais 800 appartements\" target=\"_blank\"><\/p>\n<p>L\u2019acteur de l\u2019investissement locatif cl\u00e9 en main poursuit sa croissance dans l\u2019immobilier r\u00e9sidentiel locatif. Une partie de son portefeuille est situ\u00e9 \u00e0 Saint-\u00c9tienne.<\/p>\n<p><\/a><\/p>\n<p>\t<a href=\"http:\/\/www.lyonpoleimmo.com\/2025\/06\/30\/91493\/les-5-propositions-du-rapport-daubresse-cosson\/\" rel=\"bookmark noopener\" title=\"Lien Permanent vers Les 5 propositions du rapport Daubresse \/ Cosson\" target=\"_blank\">Les 5 propositions du rapport Daubresse \/ Cosson<\/a><\/p>\n<p>\t<a href=\"http:\/\/www.lyonpoleimmo.com\/2025\/06\/30\/91493\/les-5-propositions-du-rapport-daubresse-cosson\/\" rel=\"bookmark noopener\" title=\"Lien Permanent vers Les 5 propositions du rapport Daubresse \/ Cosson\" target=\"_blank\"><\/p>\n<p>Le d\u00e9put\u00e9 Micka\u00ebl Cosson et le s\u00e9nateur Marc-Philippe Daubresse ont remis ce lundi \u00e0 Val\u00e9rie L\u00e9tard le rapport sur la cr\u00e9ation du statut du bailleur priv\u00e9.<\/p>\n<p><\/a><\/p>\n","protected":false},"excerpt":{"rendered":"(SdH\/LPI) L\u2019organisation d\u00e9nonce les conclusions de l\u2019\u00e9tude dont la m\u00e9thodologie n\u2019a pas \u00e9t\u00e9 rendue publique. Une r\u00e9cente \u00e9tude&hellip;\n","protected":false},"author":2,"featured_media":570116,"comment_status":"","ping_status":"","sticky":false,"template":"","format":"standard","meta":{"footnotes":""},"categories":[1889],"tags":[5265,1111,11,2430,1777,674,1011,27,68536,68537,10284,2428,12,25],"class_list":{"0":"post-570115","1":"post","2":"type-post","3":"status-publish","4":"format-standard","5":"has-post-thumbnail","7":"category-lyon","8":"tag-abonnes","9":"tag-actu","10":"tag-actualites","11":"tag-auvergne-rhone-alpes","12":"tag-eu","13":"tag-europe","14":"tag-fr","15":"tag-france","16":"tag-gestion-locative","17":"tag-investir-dans-la-pierre","18":"tag-location","19":"tag-lyon","20":"tag-news","21":"tag-republique-francaise"},"share_on_mastodon":{"url":"https:\/\/pubeurope.com\/@fr\/115642079566416205","error":""},"_links":{"self":[{"href":"https:\/\/www.europesays.com\/fr\/wp-json\/wp\/v2\/posts\/570115","targetHints":{"allow":["GET"]}}],"collection":[{"href":"https:\/\/www.europesays.com\/fr\/wp-json\/wp\/v2\/posts"}],"about":[{"href":"https:\/\/www.europesays.com\/fr\/wp-json\/wp\/v2\/types\/post"}],"author":[{"embeddable":true,"href":"https:\/\/www.europesays.com\/fr\/wp-json\/wp\/v2\/users\/2"}],"replies":[{"embeddable":true,"href":"https:\/\/www.europesays.com\/fr\/wp-json\/wp\/v2\/comments?post=570115"}],"version-history":[{"count":0,"href":"https:\/\/www.europesays.com\/fr\/wp-json\/wp\/v2\/posts\/570115\/revisions"}],"wp:featuredmedia":[{"embeddable":true,"href":"https:\/\/www.europesays.com\/fr\/wp-json\/wp\/v2\/media\/570116"}],"wp:attachment":[{"href":"https:\/\/www.europesays.com\/fr\/wp-json\/wp\/v2\/media?parent=570115"}],"wp:term":[{"taxonomy":"category","embeddable":true,"href":"https:\/\/www.europesays.com\/fr\/wp-json\/wp\/v2\/categories?post=570115"},{"taxonomy":"post_tag","embeddable":true,"href":"https:\/\/www.europesays.com\/fr\/wp-json\/wp\/v2\/tags?post=570115"}],"curies":[{"name":"wp","href":"https:\/\/api.w.org\/{rel}","templated":true}]}}