{"id":570118,"date":"2025-12-01T03:02:53","date_gmt":"2025-12-01T03:02:53","guid":{"rendered":"https:\/\/www.europesays.com\/fr\/570118\/"},"modified":"2025-12-01T03:02:53","modified_gmt":"2025-12-01T03:02:53","slug":"voici-ce-qui-vous-y-attend","status":"publish","type":"post","link":"https:\/\/www.europesays.com\/fr\/570118\/","title":{"rendered":"voici ce qui vous y attend"},"content":{"rendered":"<p>March\u00e9 de No\u00ebl Paris La D\u00e9fense 2025 : le plus grand<br \/>\nd\u2019\u00cele-de-France ouvre d\u00e8s le 13 novembre<\/p>\n<p>Cette ann\u00e9e, les guirlandes s\u2019allument plus t\u00f4t que pr\u00e9vu en<br \/>\n\u00cele-de-France. Le <strong>March\u00e9 de No\u00ebl Paris La D\u00e9fense<br \/>\n2025<\/strong> ouvre le bal du jeudi <strong>13 novembre<\/strong> au<br \/>\ndimanche <strong>28 d\u00e9cembre 2025<\/strong>, sur le parvis au pied<br \/>\nde la Grande Arche. Annonc\u00e9 comme le plus grand de la r\u00e9gion, il a<br \/>\nd\u00e9j\u00e0 rassembl\u00e9 plus de 1,5 million de visiteurs l\u2019an dernier, et<br \/>\npromet en 2025 une \u00e9dition encore plus g\u00e9n\u00e9reuse. Pour celles et<br \/>\nceux qui guettent le premier vin chaud de la saison, c\u2019est ici que<br \/>\n\u00e7a commence.<\/p>\n<p>Le d\u00e9cor est plant\u00e9 : plus de chalets, davantage d\u2019artisans, une<br \/>\n<strong>patinoire de 540 m\u00b2<\/strong>, des installations in\u00e9dites et<br \/>\nune sc\u00e9nographie repens\u00e9e pour les 30 ans. Le message est clair,<br \/>\nl\u2019\u00e9dition 2025 joue l\u2019XXL d\u00e8s l\u2019ouverture, avant la majorit\u00e9 des<br \/>\nautres march\u00e9s franciliens. Reste \u00e0 savoir ce qui vous attend<br \/>\nconcr\u00e8tement sur place\u2026<\/p>\n<p>Programme, animations et patinoire : ce qui vous attend sur le<br \/>\nparvis<\/p>\n<p>Paris La D\u00e9fense annonce plus de 100 animations pour rythmer la<br \/>\nvisite. Au menu : d\u00e9fil\u00e9s de personnages lumineux, animations<br \/>\nmusicales, ateliers cr\u00e9atifs en famille, ateliers solidaires en<br \/>\npartenariat avec des associations, et des soir\u00e9es afterwork avec DJ<br \/>\nset pour prolonger l\u2019esprit de No\u00ebl apr\u00e8s la journ\u00e9e de bureau.<br \/>\nC\u00f4t\u00e9 attractions, les all\u00e9es s\u2019ouvrent sur des quartiers<br \/>\nth\u00e9matiques, des man\u00e8ges et des surprises diss\u00e9min\u00e9es tout au long<br \/>\ndu parcours.<\/p>\n<p>Les enfants ont leur rendez-vous quotidien avec le <strong>P\u00e8re<br \/>\net la M\u00e8re No\u00ebl<\/strong>. Un temps fort est d\u00e9j\u00e0 cal\u00e9 : le mercredi<br \/>\n10 d\u00e9cembre, de 13 h \u00e0 17 h, les h\u00e9ros de Pat\u00a0\u00bbPatrouille<br \/>\net Dora l\u2019Exploratrice feront une apparition pour<br \/>\nrencontres, photos et atelier lettre au P\u00e8re No\u00ebl. Et pour la<br \/>\ngrande glisse, direction la <strong>patinoire de 540 m\u00b2<\/strong> en<br \/>\nglace v\u00e9ritable, l\u2019exp\u00e9rience typique \u00e0 vivre en famille, gants et<br \/>\npatins aux pieds.<\/p>\n<p>Saveurs et cadeaux : 300 chalets, boutique de 1 000 m\u00b2,<br \/>\nsp\u00e9cialit\u00e9s de saison<\/p>\n<p>Envie de terroirs et de street-food hivernale, difficile de ne<br \/>\npas c\u00e9d\u00e9 \u00e0 l\u2019appel des bonnes odeurs qui flottent sur le parvis.<br \/>\nDes sp\u00e9cialit\u00e9s d\u2019Alsace, de Savoie, du Sud Ouest, du Canada et des<br \/>\nAntilles vous attendent, entre poutine qu\u00e9b\u00e9coise, bretzels,<br \/>\nmarrons grill\u00e9s, chocolat chaud et vin chaud. Le traditionnel<br \/>\nsandwich savoyard \u00e0 la raclette s\u2019installe cette ann\u00e9e dans un<br \/>\nchalet de 350 m\u00b2, pens\u00e9 pour r\u00e9chauffer les app\u00e9tits des grandes<br \/>\ntabl\u00e9es.<\/p>\n<p>Pour les cadeaux, l\u2019offre passe en grand format avec<br \/>\n<strong>plus de 300 chalets<\/strong> et une <strong>boutique cadeau<br \/>\nde 1 000 m\u00b2<\/strong> d\u00e9di\u00e9e aux id\u00e9es \u00e0 glisser sous le sapin.<br \/>\nArtisans et cr\u00e9ateurs pr\u00e9senteront leurs pi\u00e8ces faites main :<br \/>\nsantons de Provence, parures de table, \u00e9charpes et v\u00eatements<br \/>\nchauds, d\u00e9corations de sapin et petits objets qui sentent bon<br \/>\nl\u2019atelier. De quoi rep\u00e9rer des trouvailles originales et boucler sa<br \/>\nliste en une seule visite.<\/p>\n<p>Infos pratiques, horaires et solidarit\u00e9<br \/>\n: comment profiter du March\u00e9 de No\u00ebl Paris La D\u00e9fense 2025 ?<\/p>\n<p>L\u2019\u00e9v\u00e9nement se tient du <strong>13 novembre<\/strong> au<br \/>\n<strong>28 d\u00e9cembre 2025<\/strong>, Parvis de La D\u00e9fense, 92800<br \/>\nPuteaux. L\u2019acc\u00e8s est <strong>gratuit<\/strong>. Les horaires : du<br \/>\nlundi au jeudi de 11 h \u00e0 20 h 30 ; le vendredi de 11 h \u00e0 23 h ; le<br \/>\nsamedi de 10 h \u00e0 23 h ; le dimanche de 11 h \u00e0 20 h 30. Attention<br \/>\naux exceptions des f\u00eates : mercredi 24 d\u00e9cembre de 11 h \u00e0 18 h,<br \/>\nfermeture le jeudi 25 d\u00e9cembre. L\u2019\u00e9dition marque les 30 ans du<br \/>\nmarch\u00e9 et s\u2019annonce plus vaste, avec de nouvelles installations et<br \/>\nde nombreuses animations pr\u00e9vues tout au long des six semaines.<\/p>\n<p>Le territoire met en avant une \u00e9dition solidaire et responsable.<br \/>\nAux c\u00f4t\u00e9s de l\u2019association nationale Ruban Rose, plusieurs<br \/>\nstructures locales seront impliqu\u00e9es, entre lutte contre le<br \/>\ngaspillage alimentaire et aide \u00e0 la r\u00e9insertion. Sur le terrain, la<br \/>\nd\u00e9marche se traduit par une communication majoritairement digitale,<br \/>\ndes chalets non chauff\u00e9s, des gobelets r\u00e9utilisables et des<br \/>\nilluminations en LED 100 % basse consommation avec horodatage des<br \/>\ntemps d\u2019allumage. R\u00e9sultat : un grand rendez vous f\u00e9\u00e9rique qui<br \/>\ncommence t\u00f4t, et qui soigne autant l\u2019ambiance que ses<br \/>\nengagements.<\/p>\n","protected":false},"excerpt":{"rendered":"March\u00e9 de No\u00ebl Paris La D\u00e9fense 2025 : le plus grand d\u2019\u00cele-de-France ouvre d\u00e8s le 13 novembre Cette&hellip;\n","protected":false},"author":2,"featured_media":570119,"comment_status":"","ping_status":"","sticky":false,"template":"","format":"standard","meta":{"footnotes":""},"categories":[1592],"tags":[1111,11,1777,674,1011,27,662,12,626,25],"class_list":{"0":"post-570118","1":"post","2":"type-post","3":"status-publish","4":"format-standard","5":"has-post-thumbnail","7":"category-ile-de-france","8":"tag-actu","9":"tag-actualites","10":"tag-eu","11":"tag-europe","12":"tag-fr","13":"tag-france","14":"tag-ile-de-france","15":"tag-news","16":"tag-paris","17":"tag-republique-francaise"},"share_on_mastodon":{"url":"https:\/\/pubeurope.com\/@fr\/115642092957784102","error":""},"_links":{"self":[{"href":"https:\/\/www.europesays.com\/fr\/wp-json\/wp\/v2\/posts\/570118","targetHints":{"allow":["GET"]}}],"collection":[{"href":"https:\/\/www.europesays.com\/fr\/wp-json\/wp\/v2\/posts"}],"about":[{"href":"https:\/\/www.europesays.com\/fr\/wp-json\/wp\/v2\/types\/post"}],"author":[{"embeddable":true,"href":"https:\/\/www.europesays.com\/fr\/wp-json\/wp\/v2\/users\/2"}],"replies":[{"embeddable":true,"href":"https:\/\/www.europesays.com\/fr\/wp-json\/wp\/v2\/comments?post=570118"}],"version-history":[{"count":0,"href":"https:\/\/www.europesays.com\/fr\/wp-json\/wp\/v2\/posts\/570118\/revisions"}],"wp:featuredmedia":[{"embeddable":true,"href":"https:\/\/www.europesays.com\/fr\/wp-json\/wp\/v2\/media\/570119"}],"wp:attachment":[{"href":"https:\/\/www.europesays.com\/fr\/wp-json\/wp\/v2\/media?parent=570118"}],"wp:term":[{"taxonomy":"category","embeddable":true,"href":"https:\/\/www.europesays.com\/fr\/wp-json\/wp\/v2\/categories?post=570118"},{"taxonomy":"post_tag","embeddable":true,"href":"https:\/\/www.europesays.com\/fr\/wp-json\/wp\/v2\/tags?post=570118"}],"curies":[{"name":"wp","href":"https:\/\/api.w.org\/{rel}","templated":true}]}}