{"id":570122,"date":"2025-12-01T03:05:16","date_gmt":"2025-12-01T03:05:16","guid":{"rendered":"https:\/\/www.europesays.com\/fr\/570122\/"},"modified":"2025-12-01T03:05:16","modified_gmt":"2025-12-01T03:05:16","slug":"aufeminin-accompagnera-le-schneider-electric-marathon-de-paris-2026","status":"publish","type":"post","link":"https:\/\/www.europesays.com\/fr\/570122\/","title":{"rendered":"Aufeminin accompagnera le Schneider Electric Marathon de Paris 2026"},"content":{"rendered":"<p>Aufeminin (groupe Reworld Media) a sign\u00e9 un accord avec Amaury Sport Organisation pour devenir Fournisseur Media Officiel du Schneider Electric Marathon de Paris 2026.<\/p>\n<p>La marque m\u00e9dia, qui sera partenaire m\u00e9dia f\u00e9minin exclusif de cet \u00e9v\u00e8nement, entend \u00e0 cette occasion promouvoir la place des femmes dans le sport de mani\u00e8re active et inciter le public f\u00e9minin \u00e0 rester sportif.<\/p>\n<p>Ce marathon se tiendra dimanche 12 avril 2026.<\/p>\n<p>Run club, jeux concours et contenus d\u00e9di\u00e9s<\/p>\n<p>Selon les termes de l\u2019accord, Aufeminin sera pr\u00e9sent au d\u00e9part de l\u2019\u00e9preuve avec la constitution d\u2019un \u00ab Run club \u00bb pour pr\u00e9parer l\u2019\u00e9v\u00e8nement.<\/p>\n<p>Des jeux concours seront organis\u00e9s sur plusieurs mois pour permettre aux lectrices de gagner des dossards et une exp\u00e9rience exclusive de coaching en pr\u00e9paration de la course.<\/p>\n<p>Il y aura \u00e9galement la production de contenus d\u00e9di\u00e9s en amont et durant l\u2019\u00e9v\u00e8nement avec un espace d\u00e9di\u00e9 sur le site avec des conseils pratiques pour pr\u00e9parer la course, puis des vid\u00e9os d\u2019ambiance et interviews de participantes.<\/p>\n","protected":false},"excerpt":{"rendered":"Aufeminin (groupe Reworld Media) a sign\u00e9 un accord avec Amaury Sport Organisation pour devenir Fournisseur Media Officiel du&hellip;\n","protected":false},"author":2,"featured_media":570123,"comment_status":"","ping_status":"","sticky":false,"template":"","format":"standard","meta":{"footnotes":""},"categories":[1888],"tags":[1111,1928,11,1927,1777,674,1011,27,12,1926,626,1925,25,517],"class_list":{"0":"post-570122","1":"post","2":"type-post","3":"status-publish","4":"format-standard","5":"has-post-thumbnail","7":"category-paris","8":"tag-actu","9":"tag-actu-paris","10":"tag-actualites","11":"tag-actualites-paris","12":"tag-eu","13":"tag-europe","14":"tag-fr","15":"tag-france","16":"tag-news","17":"tag-news-paris","18":"tag-paris","19":"tag-paris-news","20":"tag-republique-francaise","21":"tag-sport"},"share_on_mastodon":{"url":"https:\/\/pubeurope.com\/@fr\/115642101054624051","error":""},"_links":{"self":[{"href":"https:\/\/www.europesays.com\/fr\/wp-json\/wp\/v2\/posts\/570122","targetHints":{"allow":["GET"]}}],"collection":[{"href":"https:\/\/www.europesays.com\/fr\/wp-json\/wp\/v2\/posts"}],"about":[{"href":"https:\/\/www.europesays.com\/fr\/wp-json\/wp\/v2\/types\/post"}],"author":[{"embeddable":true,"href":"https:\/\/www.europesays.com\/fr\/wp-json\/wp\/v2\/users\/2"}],"replies":[{"embeddable":true,"href":"https:\/\/www.europesays.com\/fr\/wp-json\/wp\/v2\/comments?post=570122"}],"version-history":[{"count":0,"href":"https:\/\/www.europesays.com\/fr\/wp-json\/wp\/v2\/posts\/570122\/revisions"}],"wp:featuredmedia":[{"embeddable":true,"href":"https:\/\/www.europesays.com\/fr\/wp-json\/wp\/v2\/media\/570123"}],"wp:attachment":[{"href":"https:\/\/www.europesays.com\/fr\/wp-json\/wp\/v2\/media?parent=570122"}],"wp:term":[{"taxonomy":"category","embeddable":true,"href":"https:\/\/www.europesays.com\/fr\/wp-json\/wp\/v2\/categories?post=570122"},{"taxonomy":"post_tag","embeddable":true,"href":"https:\/\/www.europesays.com\/fr\/wp-json\/wp\/v2\/tags?post=570122"}],"curies":[{"name":"wp","href":"https:\/\/api.w.org\/{rel}","templated":true}]}}