{"id":570124,"date":"2025-12-01T03:06:29","date_gmt":"2025-12-01T03:06:29","guid":{"rendered":"https:\/\/www.europesays.com\/fr\/570124\/"},"modified":"2025-12-01T03:06:29","modified_gmt":"2025-12-01T03:06:29","slug":"vous-voulez-une-chanson-sur-la-revolution-gojira-en-concert-a-laccor-arena-a-rejoue-ah-ca-ira-comme-aux-jo","status":"publish","type":"post","link":"https:\/\/www.europesays.com\/fr\/570124\/","title":{"rendered":"\u00ab\u00a0Vous voulez une chanson sur la R\u00e9volution\u00a0?\u00a0\u00bb\u00a0: Gojira en concert \u00e0 l\u2019Accor Arena a rejou\u00e9 \u00ab\u00a0Ah \u00e7a ira\u00a0\u00bb comme aux JO"},"content":{"rendered":"<p class=\"paragraph text_align_left lp-f-body-02\">Tee-shirts noirs, tatouages d\u00e9moniaques, cuirs sombres, cornes du diable en guise de bienvenue\u2026 C\u2019est le <a href=\"https:\/\/www.leparisien.fr\/culture-loisirs\/musique\/hellfest\/\" target=\"_blank\" rel=\"noreferrer noopener\">Hellfest<\/a> ou le Motocultor, comme vous pr\u00e9f\u00e9rez, qui se d\u00e9localisent \u00e0 Paris. Ce dimanche soir, la plan\u00e8te metal se retrouve \u00e0 l\u2019Accor Arena pour c\u00e9l\u00e9brer ses h\u00e9ros nationaux, les Landais de <a href=\"https:\/\/www.leparisien.fr\/culture-loisirs\/musique\/metallica-nous-a-felicites-le-retour-triomphal-du-groupe-de-metal-gojira-un-an-apres-les-jo-de-paris-30-07-2025-6TNELEIEJ5BKJEWGRT6S3VPD2U.php\" target=\"_blank\" rel=\"noreferrer noopener\">Gojira.<\/a> Ils n\u2019ont pas de nouvel album \u00e0 pr\u00e9senter, comme pr\u00e9vu\u2026 Qu\u2019\u00e0 cela ne tienne ! Bercy affiche complet pour le retour des g\u00e9ants. 16 000 fans !<\/p>\n<p class=\"paragraph text_align_left lp-f-body-02\">Depuis <a href=\"https:\/\/www.leparisien.fr\/jo-paris-2024\/gojira-a-enflamme-la-ceremonie-douverture-des-jo-chanter-ah-ca-ira-cest-cathartique-en-ce-moment-27-07-2024-E7QOT4T2PRCDHCD5FMDURSV7GU.php\" target=\"_blank\" rel=\"noreferrer noopener\">leur passage aux Jeux olympiques de Paris <\/a>et leur <a href=\"https:\/\/www.leparisien.fr\/culture-loisirs\/musique\/cest-genial-pour-la-france-et-le-metal-aux-grammy-awards-gojira-recompense-pour-sa-prestation-aux-jo-03-02-2025-S4SWE72WNBGX5MMYT2CKUBDJQ4.php\" target=\"_blank\" rel=\"noreferrer noopener\">Grammy Award<\/a>, Gojira ne cesse d\u2019agrandir son cercle de fans, en particulier en France. Entre deux tourn\u00e9es internationales, avec Korn et Metallica, ils sont lanc\u00e9s depuis quelques jours dans leur plus gros p\u00e9riple fran\u00e7ais. Ils remplissent douze Z\u00e9niths et Arenas avec en point d\u2019orgue, leur deuxi\u00e8me date \u00e0 l\u2019Accor Arena, trois ans apr\u00e8s la premi\u00e8re.<\/p>\n","protected":false},"excerpt":{"rendered":"Tee-shirts noirs, tatouages d\u00e9moniaques, cuirs sombres, cornes du diable en guise de bienvenue\u2026 C\u2019est le Hellfest ou le&hellip;\n","protected":false},"author":2,"featured_media":570125,"comment_status":"","ping_status":"","sticky":false,"template":"","format":"standard","meta":{"footnotes":""},"categories":[1888],"tags":[11,872,1777,674,1011,27,873,12,626,25],"class_list":{"0":"post-570124","1":"post","2":"type-post","3":"status-publish","4":"format-standard","5":"has-post-thumbnail","7":"category-paris","8":"tag-actualites","9":"tag-culture-et-loisirs","10":"tag-eu","11":"tag-europe","12":"tag-fr","13":"tag-france","14":"tag-musique","15":"tag-news","16":"tag-paris","17":"tag-republique-francaise"},"share_on_mastodon":{"url":"https:\/\/pubeurope.com\/@fr\/115642104803320074","error":""},"_links":{"self":[{"href":"https:\/\/www.europesays.com\/fr\/wp-json\/wp\/v2\/posts\/570124","targetHints":{"allow":["GET"]}}],"collection":[{"href":"https:\/\/www.europesays.com\/fr\/wp-json\/wp\/v2\/posts"}],"about":[{"href":"https:\/\/www.europesays.com\/fr\/wp-json\/wp\/v2\/types\/post"}],"author":[{"embeddable":true,"href":"https:\/\/www.europesays.com\/fr\/wp-json\/wp\/v2\/users\/2"}],"replies":[{"embeddable":true,"href":"https:\/\/www.europesays.com\/fr\/wp-json\/wp\/v2\/comments?post=570124"}],"version-history":[{"count":0,"href":"https:\/\/www.europesays.com\/fr\/wp-json\/wp\/v2\/posts\/570124\/revisions"}],"wp:featuredmedia":[{"embeddable":true,"href":"https:\/\/www.europesays.com\/fr\/wp-json\/wp\/v2\/media\/570125"}],"wp:attachment":[{"href":"https:\/\/www.europesays.com\/fr\/wp-json\/wp\/v2\/media?parent=570124"}],"wp:term":[{"taxonomy":"category","embeddable":true,"href":"https:\/\/www.europesays.com\/fr\/wp-json\/wp\/v2\/categories?post=570124"},{"taxonomy":"post_tag","embeddable":true,"href":"https:\/\/www.europesays.com\/fr\/wp-json\/wp\/v2\/tags?post=570124"}],"curies":[{"name":"wp","href":"https:\/\/api.w.org\/{rel}","templated":true}]}}