{"id":570128,"date":"2025-12-01T03:10:20","date_gmt":"2025-12-01T03:10:20","guid":{"rendered":"https:\/\/www.europesays.com\/fr\/570128\/"},"modified":"2025-12-01T03:10:20","modified_gmt":"2025-12-01T03:10:20","slug":"trump-optimiste-sur-un-accord-ukraine-russie-son-chef-de-la-diplomatie-reste-prudent-actualites","status":"publish","type":"post","link":"https:\/\/www.europesays.com\/fr\/570128\/","title":{"rendered":"Trump optimiste sur un accord Ukraine-Russie, son chef de la diplomatie reste prudent : Actualit\u00e9s"},"content":{"rendered":"<p class=\"lead \">Donald Trump a estim\u00e9 dimanche qu&rsquo;il y avait \u00ab\u00a0de bonnes chances\u00a0\u00bb pour un accord mettant fin au conflit entre la Russie et l&rsquo;Ukraine, apr\u00e8s des pourparlers entre Washington et Kiev, \u00e0 l&rsquo;issue desquels son chef de la diplomatie Marco Rubio est rest\u00e9 bien plus prudent.<\/p>\n<p class=\"lead \">Qualifi\u00e9es de \u00ab\u00a0productives\u00a0\u00bb par les deux d\u00e9l\u00e9gations am\u00e9ricaine et ukrainienne, ces n\u00e9gociations men\u00e9es en Floride autour du plan d\u00e9voil\u00e9 il y a dix jours par les Etats-Unis, mais jug\u00e9 trop favorable \u00e0 Moscou les Ukrainiens et les Europ\u00e9ens, n&rsquo;ont pas accouch\u00e9 d&rsquo;annonce majeure.<\/p>\n<p class=\"lead \">\u00ab\u00a0Il reste encore du travail\u00a0\u00bb, a averti le secr\u00e9taire d&rsquo;Etat Marco Rubio, apr\u00e8s cette rencontre. Une source proche de la d\u00e9l\u00e9gation ukrainienne a confi\u00e9 \u00e0 l&rsquo;AFP que ces discussions n&rsquo;\u00e9taient \u00ab\u00a0pas faciles\u00a0\u00bb. <\/p>\n<p class=\"lead \">Cela n&rsquo;a pas emp\u00each\u00e9 le pr\u00e9sident am\u00e9ricain d&rsquo;afficher son optimisme, \u00e0 bord d&rsquo;Air Force One.<\/p>\n<p class=\"lead \">\u00ab\u00a0Je pense que la Russie aimerait que cela se termine, et je pense que l&rsquo;Ukraine, je sais que l&rsquo;Ukraine aimerait que cela se termine\u00a0\u00bb, a d\u00e9clar\u00e9 M. Trump.<\/p>\n<p class=\"lead \">Le milliardaire r\u00e9publicain a \u00e9galement rappel\u00e9 que Kiev n&rsquo;\u00e9tait pas en position de force, \u00e0 cause du vaste scandale de corruption qui a conduit le pr\u00e9sident ukrainien Volodymyr Zelensky \u00e0 limoger son bras droit, Andri\u00ef Iermak, meneur jusque-l\u00e0 des n\u00e9gociations avec les Etats-Unis.<\/p>\n<p class=\"lead \">\u00ab\u00a0L&rsquo;Ukraine a quelques petits probl\u00e8mes difficiles\u00a0\u00bb, a estim\u00e9 M. Trump. \u00ab\u00a0Il y a une situation de corruption, ce qui n&rsquo;aide pas\u00a0\u00bb.<\/p>\n<p class=\"lead \">&#8211; Emissaire am\u00e9ricain attendu \u00e0 Moscou &#8211;<\/p>\n<p class=\"lead \">L&rsquo;\u00e9missaire de Donald Trump, Steve Witkoff, qui a particip\u00e9 aux discussions en Floride, tout comme le gendre du pr\u00e9sident, Jared Kushner, doit de nouveau se rendre \u00e0 Moscou pour discuter mardi avec le pr\u00e9sident russe Vladimir Poutine.<\/p>\n<p class=\"lead \">Les Etats-Unis ont pr\u00e9sent\u00e9 il y a dix jours un projet en 28 points, r\u00e9dig\u00e9 sans les alli\u00e9s europ\u00e9ens de Kiev, cens\u00e9 mettre fin au conflit d\u00e9clench\u00e9 par l&rsquo;offensive russe contre l&rsquo;Ukraine en f\u00e9vrier 2022. <\/p>\n<p class=\"lead \">L&rsquo;accord pr\u00e9voyait initialement que les forces ukrainiennes se retirent de la r\u00e9gion orientale de Donetsk, et les \u00c9tats-Unis auraient alors reconnu de facto Donetsk, la Crim\u00e9e et le Lougansk comme russes.<\/p>\n<p class=\"lead \">Mais il a depuis \u00e9t\u00e9 amend\u00e9 \u00e0 la demande des Europ\u00e9ens et son contenu actuel reste flou.<\/p>\n<p class=\"lead \">Une autre source haut plac\u00e9e et bien inform\u00e9e sur les n\u00e9gociations en cours, a d\u00e9clar\u00e9 \u00e0 l&rsquo;AFP que les Am\u00e9ricains, voulaient que \u00ab\u00a0les points finaux (du plan) soient convenus et qu&rsquo;ils puissent aller \u00e0 Moscou\u00a0\u00bb.<\/p>\n<p class=\"lead \">\u00ab\u00a0La formulation (des points, NDLR) est compliqu\u00e9e, principalement concernant les territoires, car (les Am\u00e9ricains) se voient exclusivement comme des m\u00e9diateurs et pas comme une partie\u00a0\u00bb soutenant Kiev, a ajout\u00e9 cette deuxi\u00e8me source.<\/p>\n<p class=\"lead \">Rustem Oumerov, le n\u00e9gociateur en chef ukrainien envoy\u00e9 en Floride, a annonc\u00e9 sur Facebook qu&rsquo;il avait fait part au pr\u00e9sident Zelensky de \u00ab\u00a0progr\u00e8s substantiels\u00a0\u00bb.<\/p>\n<p class=\"lead \">\u00ab\u00a0Il est important que les discussions aient une dynamique constructive et que toutes les questions aient \u00e9t\u00e9 abord\u00e9es ouvertement et avec un objectif clair de garantir la souverainet\u00e9 et les int\u00e9r\u00eats nationaux de l&rsquo;Ukraine,\u00a0\u00bb a \u00e9crit M. Zelensky sur X apr\u00e8s ces n\u00e9gociations. <\/p>\n<p class=\"lead \">&#8211; Pression militaire &#8211;<\/p>\n<p class=\"lead \">Le pr\u00e9sident fran\u00e7ais Emmanuel Macron doit recevoir Volodymyr Zelensky de nouveau lundi \u00e0 Paris. De son c\u00f4t\u00e9, Marco Rubio ne se rendra pas \u00e0 la r\u00e9union des ministres des Affaires \u00e9trang\u00e8res des pays de l&rsquo;Otan en d\u00e9but de semaine. <\/p>\n<p class=\"lead \">Sur le terrain, Moscou continue d&rsquo;exercer une forte pression militaire: l&rsquo;arm\u00e9e russe progresse dans l&rsquo;est de l&rsquo;Ukraine, et une nouvelle attaque nocturne, men\u00e9e par un drone, a fait au moins un mort et 11 bless\u00e9s dans la nuit de samedi \u00e0 dimanche pr\u00e8s de Kiev. <\/p>\n<p class=\"lead \">Samedi, des drones navals ont \u00e9galement \u00e9t\u00e9 lanc\u00e9s contre un terminal p\u00e9trolier majeur dans le port russe de Novorossi\u00efsk.<\/p>\n<p class=\"lead \">Ce terminal permet d&rsquo;exporter le p\u00e9trole achemin\u00e9 par l&rsquo;un des ol\u00e9oducs les plus importants au monde, qui part de champs p\u00e9trolif\u00e8res du Kazakhstan au bord de la mer Caspienne et traverse la Russie vers la mer Noire. <\/p>\n<p class=\"lead \"> Les autorit\u00e9s du Kazakhstan ont accus\u00e9 l&rsquo;Ukraine d&rsquo;\u00eatre \u00e0 l&rsquo;origine de l&rsquo;attaque. Kiev n&rsquo;a pas r\u00e9agi. <\/p>\n<p class=\"lead \">Ces derniers mois, l&rsquo;arm\u00e9e ukrainienne vise r\u00e9guli\u00e8rement des sites p\u00e9troliers et des raffineries en Russie pour tenter de perturber la rente des hydrocarbures permettant \u00e0 Moscou de financer son effort de guerre. <\/p>\n<p class=\"small font-weight-bold text-gray3 \"> publi\u00e9 le 1 d\u00e9cembre \u00e0 01h40, AFP<\/p>\n<p>                             Partager<\/p>\n","protected":false},"excerpt":{"rendered":"Donald Trump a estim\u00e9 dimanche qu&rsquo;il y avait \u00ab\u00a0de bonnes chances\u00a0\u00bb pour un accord mettant fin au conflit&hellip;\n","protected":false},"author":2,"featured_media":570129,"comment_status":"","ping_status":"","sticky":false,"template":"","format":"standard","meta":{"footnotes":""},"categories":[1591],"tags":[14427,11,2120,312,1887,12,1885,1886,132,220,308],"class_list":{"0":"post-570128","1":"post","2":"type-post","3":"status-publish","4":"format-standard","5":"has-post-thumbnail","7":"category-russie","8":"tag-nergie","9":"tag-actualites","10":"tag-conflit","11":"tag-diplomatie","12":"tag-federation-de-russie","13":"tag-news","14":"tag-russia","15":"tag-russian-federation","16":"tag-russie","17":"tag-ukraine","18":"tag-usa"},"share_on_mastodon":{"url":"https:\/\/pubeurope.com\/@fr\/115642120456870097","error":""},"_links":{"self":[{"href":"https:\/\/www.europesays.com\/fr\/wp-json\/wp\/v2\/posts\/570128","targetHints":{"allow":["GET"]}}],"collection":[{"href":"https:\/\/www.europesays.com\/fr\/wp-json\/wp\/v2\/posts"}],"about":[{"href":"https:\/\/www.europesays.com\/fr\/wp-json\/wp\/v2\/types\/post"}],"author":[{"embeddable":true,"href":"https:\/\/www.europesays.com\/fr\/wp-json\/wp\/v2\/users\/2"}],"replies":[{"embeddable":true,"href":"https:\/\/www.europesays.com\/fr\/wp-json\/wp\/v2\/comments?post=570128"}],"version-history":[{"count":0,"href":"https:\/\/www.europesays.com\/fr\/wp-json\/wp\/v2\/posts\/570128\/revisions"}],"wp:featuredmedia":[{"embeddable":true,"href":"https:\/\/www.europesays.com\/fr\/wp-json\/wp\/v2\/media\/570129"}],"wp:attachment":[{"href":"https:\/\/www.europesays.com\/fr\/wp-json\/wp\/v2\/media?parent=570128"}],"wp:term":[{"taxonomy":"category","embeddable":true,"href":"https:\/\/www.europesays.com\/fr\/wp-json\/wp\/v2\/categories?post=570128"},{"taxonomy":"post_tag","embeddable":true,"href":"https:\/\/www.europesays.com\/fr\/wp-json\/wp\/v2\/tags?post=570128"}],"curies":[{"name":"wp","href":"https:\/\/api.w.org\/{rel}","templated":true}]}}