{"id":57013,"date":"2025-04-27T14:32:09","date_gmt":"2025-04-27T14:32:09","guid":{"rendered":"https:\/\/www.europesays.com\/fr\/57013\/"},"modified":"2025-04-27T14:32:09","modified_gmt":"2025-04-27T14:32:09","slug":"top-14-le-rc-vannes-terrasse-toulon-et-relance-la-lutte-pour-le-maintien-avec-panache","status":"publish","type":"post","link":"https:\/\/www.europesays.com\/fr\/57013\/","title":{"rendered":"Top 14. Le RC Vannes terrasse Toulon et relance la lutte pour le maintien avec panache"},"content":{"rendered":"<p data-start=\"252\" data-end=\"718\">\u00c0 la Rabine, tout vibrait ce samedi 26 avril, au rythme d\u2019une \u00e9quipe de Vannes h\u00e9ro\u00efque et d\u2019un public en fusion. Face \u00e0 une armada toulonnaise venue avec ses stars et ses ambitions de sommet, les Bretons ont r\u00e9pondu avec le c\u0153ur, l\u2019envie, et surtout une intensit\u00e9 de chaque instant. R\u00e9sultat : une victoire magistrale (29-19) qui relance totalement la course au maintien et confirme que le RC Vannes, bien plus qu\u2019un promu, est devenu un v\u00e9ritable peuple en marche.<\/p>\n<p data-start=\"772\" data-end=\"1328\">D\u00e8s les premiers instants, les hommes de Jean-No\u00ebl Spitzer ont impos\u00e9 leur tempo. Sans complexe, avec une d\u00e9termination impressionnante, ils ont pris Toulon \u00e0 la gorge. La premi\u00e8re salve a \u00e9t\u00e9 tir\u00e9e par Th\u00e9o B\u00e9ziat, auteur d\u2019un essai plein d\u2019opportunisme d\u00e8s la 10\u1d49 minute, avant que Maxime Lafage, d\u2019une pr\u00e9cision chirurgicale, n\u2019enfonce le clou au pied. Si l\u2019\u00e9cart n\u2019\u00e9tait que de neuf points \u00e0 la pause (15-6), il ne refl\u00e9tait pas la domination bretonne, tant les Vannetais ont multipli\u00e9 les s\u00e9quences offensives et bouscul\u00e9 une d\u00e9fense varoise d\u00e9pass\u00e9e.<\/p>\n<p data-start=\"1377\" data-end=\"1843\">Le retour des vestiaires a offert son lot de frayeurs, Toulon recollant bri\u00e8vement au score. Mais cette fois, pas question de craquer. \u00c0 l\u2019image d\u2019un pack conqu\u00e9rant, emmen\u00e9 par un Joe Edwards exemplaire en capitaine de la d\u00e9fense, les Bretons ont serr\u00e9 les rangs, r\u00e9sist\u00e9 \u00e0 la temp\u00eate, et frapp\u00e9 en contre avec brio. Deux essais de Stephen Varney, plein de vista et de sang-froid, ont scell\u00e9 le sort d\u2019une rencontre que les Vannetais auront domin\u00e9e de bout en bout.<\/p>\n<p data-start=\"1898\" data-end=\"2255\">Au-del\u00e0 du simple r\u00e9sultat, cette performance sonne comme un manifeste : Vannes n\u2019est pas une simple escale pour les g\u00e9ants du Top 14, c\u2019est d\u00e9sormais une terre de rugby qui entend durer. Dans un stade incandescent, port\u00e9 par une ferveur populaire rare, les Morbihannais ont d\u00e9montr\u00e9 qu\u2019avec du c\u0153ur, de l\u2019organisation et de la foi, rien n\u2019\u00e9tait impossible.<\/p>\n<p data-start=\"2257\" data-end=\"2528\">\u00ab Ce n\u2019est pas juste une \u00e9quipe, c\u2019est un peuple \u00bb, confiait un Joe Edwards rayonnant b\u00e0 Rugbyrama \u00e0 l\u2019issue de la rencontre. Un peuple qui croit en son destin, qui refuse la fatalit\u00e9, et qui continue de prouver que l\u2019impossible n\u2019existe pas pour celui qui refuse de baisser les bras.<\/p>\n<p data-start=\"2581\" data-end=\"2925\">Gr\u00e2ce \u00e0 ce succ\u00e8s bonifi\u00e9, Vannes revient \u00e0 un petit point de Perpignan dans la lutte pour \u00e9viter la rel\u00e9gation. Et avec cette dynamique, cette solidarit\u00e9 retrouv\u00e9e, tous les espoirs sont permis. Les quatre derni\u00e8res journ\u00e9es s\u2019annoncent \u00e9lectriques. Une chose est s\u00fbre : \u00e0 La Rabine, l\u2019histoire est en marche. Et elle s\u2019\u00e9crit en bleu et blanc.<\/p>\n<p class=\"tech\"><strong class=\"tech\">Arbitre\u00a0<\/strong>: K. Bralley.<\/p>\n<p class=\"tech\"><strong class=\"tech\">Spectateurs\u00a0<\/strong>: 11 865.<\/p>\n<p class=\"tech\"><strong class=\"tech\">Les points.<\/strong>\u00a0Vannes : 4 essais de B\u00e9ziat (10\u2019), Moukoro (37\u2019), Varney (47\u2019, 64\u2019) ; 3 transformations de Lafage (11\u2019, 48\u2019, 65\u2019) ; 1 p\u00e9nalit\u00e9 de Lafage (21\u2019).<\/p>\n<p class=\"tech\">Toulon : 1 essai de Priso (42\u2019) ; 1 transformation de Jaminet (43\u2019) ; 3 p\u00e9nalit\u00e9s de Jaminet (8\u2019, 40\u2019, 44\u2019, 52\u2019).<\/p>\n<p class=\"tech\"><strong class=\"tech\">Cartons jaunes.\u00a0<\/strong>Vannes : Vunipola (28\u2019), M\u00e9zou (80\u2019) ; Toulon : Halagahu (33\u2019), Domon (46\u2019).<\/p>\n<p class=\"tech\"><strong class=\"tech\">VANNES\u00a0<\/strong>: 15. Surano \u2013 14. Nakosi (Moukoro 30\u2019, Nakosi 39\u2019, Saili 65\u2019) , 13. Taccola, 12. Saili (Boudehent 56\u2019) , 11. Porch \u2013 10. Lafage (Deba\u00ebs 80\u2019) , 9. Varney \u2013 7. Gorrissen (cap.), 8. Kalamafoni (Edwards 76\u2019) , 6. Edwards (Augry 58\u2019) \u2013 5. Metz (M\u00e9zou 56\u2019) , 4. Marks (Bresler 66\u2019) \u2013 3. Medrano (Kit\u00e9 56\u2019 ; Medrano 71\u2019), 2. B\u00e9ziat (Blanchard 50\u2019), 1. Vunipola (Moukoro 50\u2019, Vunipola 66\u2019).<\/p>\n<p class=\"tech\">Entra\u00eeneur principal : Jean-No\u00ebl Spitzer.<\/p>\n<p class=\"tech\"><strong class=\"tech\">TOULON\u00a0<\/strong>: 15. Jaminet (Garbisi 56\u2018) \u2013 14. Dr\u00e9an, 13. Fainga\u2019anuku, 12. Sinzelle (Tuicuvu 66\u2019) , 11. Wainiqolo (S. Rebbadj 36\u2019 ; Wainiqolo 44\u2019) \u2013 10. Domon, 9. Serin (cap.) (Danglot 68\u2019) \u2013 7. Abadie, 8. Isa (Tolofua 58\u2019) , 6. Ludlam \u2013 5. Alainu\u2019uese, 4. Halagahu (S. Rebbadj 52\u2019) \u2013 3. Gigashvili (Setiano 61\u2019) , 2. Baubigny (Ivaldi 61\u2019) , 1. Priso (Gros 8\u2019 ; Priso 21\u2019 ; Gros 49\u2019).<\/p>\n<p class=\"tech\">Entra\u00eeneur principal : Pierre Mignoni.<\/p>\n<p>Cr\u00e9dit photos : DR<br \/>[cc] Breizh-info.com, 2025, d\u00e9p\u00eaches libres de copie et diffusion sous r\u00e9serve de mention de la source d\u2019origine<\/p>\n","protected":false},"excerpt":{"rendered":"\u00c0 la Rabine, tout vibrait ce samedi 26 avril, au rythme d\u2019une \u00e9quipe de Vannes h\u00e9ro\u00efque et d\u2019un&hellip;\n","protected":false},"author":2,"featured_media":57014,"comment_status":"","ping_status":"","sticky":false,"template":"","format":"standard","meta":{"footnotes":""},"categories":[9619],"tags":[1111,11,1777,674,1011,27,13535,12,882,3164,25,478,2310],"class_list":{"0":"post-57013","1":"post","2":"type-post","3":"status-publish","4":"format-standard","5":"has-post-thumbnail","7":"category-toulon","8":"tag-actu","9":"tag-actualites","10":"tag-eu","11":"tag-europe","12":"tag-fr","13":"tag-france","14":"tag-maintien","15":"tag-news","16":"tag-provence-alpes-cote-dazur","17":"tag-rc-vannes","18":"tag-republique-francaise","19":"tag-top-14","20":"tag-toulon"},"share_on_mastodon":{"url":"https:\/\/pubeurope.com\/@fr\/114410418573716072","error":""},"_links":{"self":[{"href":"https:\/\/www.europesays.com\/fr\/wp-json\/wp\/v2\/posts\/57013","targetHints":{"allow":["GET"]}}],"collection":[{"href":"https:\/\/www.europesays.com\/fr\/wp-json\/wp\/v2\/posts"}],"about":[{"href":"https:\/\/www.europesays.com\/fr\/wp-json\/wp\/v2\/types\/post"}],"author":[{"embeddable":true,"href":"https:\/\/www.europesays.com\/fr\/wp-json\/wp\/v2\/users\/2"}],"replies":[{"embeddable":true,"href":"https:\/\/www.europesays.com\/fr\/wp-json\/wp\/v2\/comments?post=57013"}],"version-history":[{"count":0,"href":"https:\/\/www.europesays.com\/fr\/wp-json\/wp\/v2\/posts\/57013\/revisions"}],"wp:featuredmedia":[{"embeddable":true,"href":"https:\/\/www.europesays.com\/fr\/wp-json\/wp\/v2\/media\/57014"}],"wp:attachment":[{"href":"https:\/\/www.europesays.com\/fr\/wp-json\/wp\/v2\/media?parent=57013"}],"wp:term":[{"taxonomy":"category","embeddable":true,"href":"https:\/\/www.europesays.com\/fr\/wp-json\/wp\/v2\/categories?post=57013"},{"taxonomy":"post_tag","embeddable":true,"href":"https:\/\/www.europesays.com\/fr\/wp-json\/wp\/v2\/tags?post=57013"}],"curies":[{"name":"wp","href":"https:\/\/api.w.org\/{rel}","templated":true}]}}