{"id":570130,"date":"2025-12-01T03:11:13","date_gmt":"2025-12-01T03:11:13","guid":{"rendered":"https:\/\/www.europesays.com\/fr\/570130\/"},"modified":"2025-12-01T03:11:13","modified_gmt":"2025-12-01T03:11:13","slug":"trump-tres-optimiste-sur-la-fin-du-conflit-mais-marco-rubio-tempere","status":"publish","type":"post","link":"https:\/\/www.europesays.com\/fr\/570130\/","title":{"rendered":"Trump tr\u00e8s optimiste sur la fin du conflit, mais Marco Rubio temp\u00e8re"},"content":{"rendered":"<p>Les armes vont-elles prochainement se taire entre la Russie et l\u2019Ukraine\u00a0? la r\u00e9ponse est\u00a0: oui si l\u2019on en croit Donald Trump, peut-\u00eatre si l\u2019on suit plut\u00f4t son chef de la diplomatie. <a href=\"https:\/\/www.20minutes.fr\/monde\/russie\/4188800-20251130-guerre-ukraine-floride-discussions-entre-kiev-washington-productives-faciles\" target=\"_blank\" class=\"c-link c-link--is-underlined\" rel=\"noopener\">Apr\u00e8s des pourparlers entre Washington et Kiev<\/a>, le pr\u00e9sident am\u00e9ricain a en effet estim\u00e9 dimanche qu\u2019il y avait \u00ab\u00a0de bonnes chances\u00a0\u00bb d\u2019obtenir un accord, mais Marco Rubio s\u2019est pour sa part montr\u00e9 bien plus prudent.<\/p>\n<\/p>\n<p>Qualifi\u00e9es de \u00ab\u00a0productives\u00a0\u00bb par les deux d\u00e9l\u00e9gations am\u00e9ricaine et ukrainienne, ces n\u00e9gociations men\u00e9es en Floride autour du plan d\u00e9voil\u00e9 il y a dix jours par les Etats-Unis, mais <a href=\"https:\/\/www.20minutes.fr\/monde\/ukraine\/4188438-20251127-guerre-ukraine-poutine-refuse-paix-gagner-territoires-tient-rassurer-europe\" target=\"_blank\" class=\"c-link c-link--is-underlined\" rel=\"noopener\">jug\u00e9 trop favorable \u00e0 Moscou<\/a> par les Ukrainiens et les Europ\u00e9ens, n\u2019ont pas accouch\u00e9 d\u2019annonce majeure. \u00ab\u00a0Il reste encore du travail\u00a0\u00bb, a averti le secr\u00e9taire d\u2019Etat Marco Rubio, apr\u00e8s cette rencontre. Une source proche de la d\u00e9l\u00e9gation ukrainienne a confi\u00e9 que ces discussions n\u2019\u00e9taient \u00ab\u00a0pas faciles\u00a0\u00bb.<\/p>\n<p>Trump tacle l\u2019Ukraine sur la corruption<\/p>\n<p>Cela n\u2019a pas emp\u00each\u00e9 le pr\u00e9sident am\u00e9ricain d\u2019afficher son optimisme, \u00e0 bord d\u2019Air Force One. \u00ab\u00a0Je pense que la Russie aimerait que cela se termine, et je pense que l\u2019Ukraine, je sais que l\u2019Ukraine aimerait que cela se termine\u00a0\u00bb, a d\u00e9clar\u00e9 Donald Trump.<\/p>\n<p>Le locataire de la Maison-Blanche a \u00e9galement rappel\u00e9 que Kiev n\u2019\u00e9tait pas en position de force, \u00e0 cause du vaste scandale de corruption qui a conduit le pr\u00e9sident ukrainien <a href=\"https:\/\/www.20minutes.fr\/monde\/ukraine\/4188558-20251128-guerre-ukraine-andrii-iermak-bras-droit-zelensky-rattrape-enquete-corruption\" class=\"c-link c-link--is-underlined\" target=\"_blank\" rel=\"noopener\">Volodymyr Zelensky \u00e0 limoger son bras droit, Andri\u00ef Iermak<\/a>, meneur jusque-l\u00e0 des n\u00e9gociations avec les Etats-Unis. \u00ab\u00a0L\u2019Ukraine a quelques petits probl\u00e8mes difficiles\u00a0\u00bb, a estim\u00e9 Donald Trump. \u00ab\u00a0Il y a une situation de corruption, ce qui n\u2019aide pas\u00a0\u00bb.<\/p>\n<p>Macron attend Zelensky \u00e0 Paris<\/p>\n<p>L\u2019\u00e9missaire de Donald Trump, Steve Witkoff, qui a particip\u00e9 aux discussions en Floride, tout comme le gendre du pr\u00e9sident, Jared Kushner, doit de nouveau se rendre \u00e0 Moscou pour discuter mardi avec le pr\u00e9sident russe Vladimir Poutine. Les Etats-Unis ont pr\u00e9sent\u00e9 il y a dix jours un projet en 28 points, r\u00e9dig\u00e9 sans les alli\u00e9s europ\u00e9ens de Kiev. L\u2019accord pr\u00e9voyait initialement que les forces ukrainiennes se retirent de la r\u00e9gion orientale de Donetsk, et les \u00c9tats-Unis auraient alors reconnu de facto Donetsk, la Crim\u00e9e et le Lougansk comme russes. Mais il a depuis \u00e9t\u00e9 amend\u00e9 \u00e0 la demande des Europ\u00e9ens et son contenu actuel reste flou.<\/p>\n<p><a href=\"https:\/\/www.20minutes.fr\/monde\/ukraine\/\" target=\"_blank\" class=\"c-link c-btn c-btn--primary\" rel=\"noopener\">Notre dossier sur la Guerre en Ukraine<\/a><\/p>\n<p>Ce lundi, Emmanuel Macron doit de nouveau recevoir Volodymyr Zelensky \u00e0 Paris. Marco Rubio ne se rendra par contre pas \u00e0 la r\u00e9union des ministres des Affaires \u00e9trang\u00e8res des pays de l\u2019Otan en d\u00e9but de semaine.<\/p>\n","protected":false},"excerpt":{"rendered":"Les armes vont-elles prochainement se taire entre la Russie et l\u2019Ukraine\u00a0? la r\u00e9ponse est\u00a0: oui si l\u2019on en&hellip;\n","protected":false},"author":2,"featured_media":570131,"comment_status":"","ping_status":"","sticky":false,"template":"","format":"standard","meta":{"footnotes":""},"categories":[1590],"tags":[47,11,75,1073,73,1777,674,131,1907,74,12,132,220,133,135,134],"class_list":{"0":"post-570130","1":"post","2":"type-post","3":"status-publish","4":"format-standard","5":"has-post-thumbnail","7":"category-ukraine","8":"tag-actualite","9":"tag-actualites","10":"tag-donald-trump","11":"tag-emmanuel-macron","12":"tag-etats-unis","13":"tag-eu","14":"tag-europe","15":"tag-guerre-en-ukraine","16":"tag-marco-rubio","17":"tag-monde","18":"tag-news","19":"tag-russie","20":"tag-ukraine","21":"tag-video","22":"tag-vladimir-poutine","23":"tag-volodymyr-zelensky"},"share_on_mastodon":{"url":"","error":""},"_links":{"self":[{"href":"https:\/\/www.europesays.com\/fr\/wp-json\/wp\/v2\/posts\/570130","targetHints":{"allow":["GET"]}}],"collection":[{"href":"https:\/\/www.europesays.com\/fr\/wp-json\/wp\/v2\/posts"}],"about":[{"href":"https:\/\/www.europesays.com\/fr\/wp-json\/wp\/v2\/types\/post"}],"author":[{"embeddable":true,"href":"https:\/\/www.europesays.com\/fr\/wp-json\/wp\/v2\/users\/2"}],"replies":[{"embeddable":true,"href":"https:\/\/www.europesays.com\/fr\/wp-json\/wp\/v2\/comments?post=570130"}],"version-history":[{"count":0,"href":"https:\/\/www.europesays.com\/fr\/wp-json\/wp\/v2\/posts\/570130\/revisions"}],"wp:featuredmedia":[{"embeddable":true,"href":"https:\/\/www.europesays.com\/fr\/wp-json\/wp\/v2\/media\/570131"}],"wp:attachment":[{"href":"https:\/\/www.europesays.com\/fr\/wp-json\/wp\/v2\/media?parent=570130"}],"wp:term":[{"taxonomy":"category","embeddable":true,"href":"https:\/\/www.europesays.com\/fr\/wp-json\/wp\/v2\/categories?post=570130"},{"taxonomy":"post_tag","embeddable":true,"href":"https:\/\/www.europesays.com\/fr\/wp-json\/wp\/v2\/tags?post=570130"}],"curies":[{"name":"wp","href":"https:\/\/api.w.org\/{rel}","templated":true}]}}