{"id":570132,"date":"2025-12-01T03:12:17","date_gmt":"2025-12-01T03:12:17","guid":{"rendered":"https:\/\/www.europesays.com\/fr\/570132\/"},"modified":"2025-12-01T03:12:17","modified_gmt":"2025-12-01T03:12:17","slug":"donald-trump-confirme-setre-entretenu-au-telephone-avec-nicolas-maduro","status":"publish","type":"post","link":"https:\/\/www.europesays.com\/fr\/570132\/","title":{"rendered":"Donald Trump confirme s&rsquo;\u00eatre entretenu au t\u00e9l\u00e9phone avec Nicol\u00e1s Maduro"},"content":{"rendered":"<p>Le pr\u00e9sident am\u00e9ricain Donald Trump a confirm\u00e9 dimanche, sans en donner la teneur, avoir eu un \u00e9change t\u00e9l\u00e9phonique avec Nicol\u00e1s Maduro, le pr\u00e9sident du Venezuela. Ce dernier d\u00e9nonce une \u00ab\u00a0agression en pr\u00e9paration\u00a0\u00bb des Etats-Unis dans une lettre \u00e0 l&rsquo;Opep.<\/p>\n<p>Washington qui dit lutter contre les cartels de la drogue, a d\u00e9ploy\u00e9 des forces arm\u00e9es depuis septembre en mer des Cara\u00efbes, notamment un porte-avions, le plus grand du monde, et accentu\u00e9 la pression ces derniers jours en d\u00e9cr\u00e9tant samedi que l&rsquo;espace a\u00e9rien du Venezuela devait \u00eatre consid\u00e9r\u00e9 comme \u00ab\u00a0totalement ferm\u00e9\u00a0\u00bb.<\/p>\n<p><strong class=\"inline-title\">&gt;&gt; Lire aussi\u00a0: <\/strong><a href=\"https:\/\/www.rts.ch\/info\/monde\/2025\/article\/trump-frappe-des-narcoterroristes-en-mer-le-venezuela-denonce-28988245.html\" data-item-id=\"richtext_link\" target=\"_blank\" rel=\"noopener\">Donald Trump militarise la lutte contre les \u00ab\u00a0narcoterroristes\u00a0\u00bb, le Venezuela d\u00e9nonce des ex\u00e9cutions extrajudiciaires<\/a><\/p>\n<p>\u00ab\u00a0Je ne dirais pas que cela s&rsquo;est bien ou mal pass\u00e9. C&rsquo;\u00e9tait un appel t\u00e9l\u00e9phonique\u00a0\u00bb, a d\u00e9clar\u00e9 \u00e0 bord de l&rsquo;avion Air Force One le pr\u00e9sident am\u00e9ricain \u00e0 propos de sa conversation avec son homologue de gauche radicale, initialement r\u00e9v\u00e9l\u00e9e par le New York Times cette semaine.<\/p>\n<p>B\u00eate noire des Etats-Unis depuis un quart de si\u00e8cle, le Venezuela est accus\u00e9 par Donald Trump d&rsquo;\u00eatre derri\u00e8re le trafic de produits stup\u00e9fiants qui inondent les Etats-Unis. Caracas d\u00e9ment et r\u00e9torque que l&rsquo;objectif v\u00e9ritable de Washington est de le renverser et la mainmise sur le p\u00e9trole v\u00e9n\u00e9zu\u00e9lien.<\/p>\n<p><strong class=\"inline-title\">&gt;&gt; Lire aussi\u00a0: <\/strong><a href=\"https:\/\/www.rts.ch\/info\/monde\/2024\/article\/le-venezuela-veut-renouer-le-dialogue-avec-les-etats-unis-28557454.html\" data-item-id=\"richtext_link\" target=\"_blank\" rel=\"noopener\">Le Venezuela veut renouer le dialogue avec les Etats-Unis<\/a><\/p>\n<blockquote class=\"rts-quote quote with-image\">\n<p class=\"q-text\">Nous avons donn\u00e9 \u00e0 Maduro une opportunit\u00e9 de partir.<\/p>\n<p><img decoding=\"async\" class=\"q-img\" src=\"https:\/\/www.europesays.com\/fr\/wp-content\/uploads\/2025\/12\/y99e1s-29075588.image\" data-ratio=\"square\"\/>  Markwayne Mullin, s\u00e9nateur r\u00e9publicain am\u00e9ricain <\/p><\/blockquote>\n<p>Le s\u00e9nateur r\u00e9publicain am\u00e9ricain Markwayne Mullin a affirm\u00e9 dimanche que Washington avait propos\u00e9 \u00e0 Maduro de quitter le pays: \u00ab\u00a0nous avons donn\u00e9 \u00e0 Maduro une opportunit\u00e9 de partir. Nous lui avons dit qu&rsquo;il pouvait partir pour la Russie ou qu&rsquo;il pouvait aller dans un autre pays\u00a0\u00bb.<\/p>\n<p>L&rsquo;appel \u00e0 l&rsquo;aide \u00e0 l&rsquo;Opep<\/p>\n<p>Le Venezuela a annonc\u00e9 qu&rsquo;il avait demand\u00e9 \u00e0 l&rsquo;Opep, de l&rsquo;aider \u00ab\u00a0\u00e0 stopper cette agression (am\u00e9ricaine) qui se pr\u00e9pare avec de plus en plus de force\u00a0\u00bb, dans une lettre de Nicol\u00e1s Maduro lue par la vice-pr\u00e9sidente Delcy Rodriguez, \u00e9galement ministre du P\u00e9trole, lors d&rsquo;une visioconf\u00e9rence des ministres de l&rsquo;Organisation des pays exportateurs de p\u00e9trole.<\/p>\n<p>Washington \u00ab\u00a0cherche \u00e0 s&#8217;emparer des vastes r\u00e9serves de p\u00e9trole du Venezuela, les plus grandes du monde, par l&rsquo;utilisation de la force militaire\u00a0\u00bb, y \u00e9crit Nicol\u00e1s Maduro.<\/p>\n<p class=\"sources\">ats\/afp\/lbl<\/p>\n","protected":false},"excerpt":{"rendered":"Le pr\u00e9sident am\u00e9ricain Donald Trump a confirm\u00e9 dimanche, sans en donner la teneur, avoir eu un \u00e9change t\u00e9l\u00e9phonique&hellip;\n","protected":false},"author":2,"featured_media":570133,"comment_status":"","ping_status":"","sticky":false,"template":"","format":"standard","meta":{"footnotes":""},"categories":[1589],"tags":[11,21153,75,73,1866,418,53445,22341,68538,74,12,338,2485,844,316,1325,2543,1864,1865,1863,308,337,2744],"class_list":{"0":"post-570132","1":"post","2":"type-post","3":"status-publish","4":"format-standard","5":"has-post-thumbnail","7":"category-etats-unis","8":"tag-actualites","9":"tag-chef-de-letat","10":"tag-donald-trump","11":"tag-etats-unis","12":"tag-etats-unis-damerique","13":"tag-gouvernement","14":"tag-industrie-petroliere","15":"tag-lettre","16":"tag-markwayne-mullin","17":"tag-monde","18":"tag-news","19":"tag-nicolas-maduro","20":"tag-opep","21":"tag-petrole","22":"tag-politique","23":"tag-president-des-etats-unis","24":"tag-relations-internationales","25":"tag-united-states","26":"tag-united-states-of-america","27":"tag-us","28":"tag-usa","29":"tag-venezuela","30":"tag-washington"},"share_on_mastodon":{"url":"https:\/\/pubeurope.com\/@fr\/115642129157786717","error":""},"_links":{"self":[{"href":"https:\/\/www.europesays.com\/fr\/wp-json\/wp\/v2\/posts\/570132","targetHints":{"allow":["GET"]}}],"collection":[{"href":"https:\/\/www.europesays.com\/fr\/wp-json\/wp\/v2\/posts"}],"about":[{"href":"https:\/\/www.europesays.com\/fr\/wp-json\/wp\/v2\/types\/post"}],"author":[{"embeddable":true,"href":"https:\/\/www.europesays.com\/fr\/wp-json\/wp\/v2\/users\/2"}],"replies":[{"embeddable":true,"href":"https:\/\/www.europesays.com\/fr\/wp-json\/wp\/v2\/comments?post=570132"}],"version-history":[{"count":0,"href":"https:\/\/www.europesays.com\/fr\/wp-json\/wp\/v2\/posts\/570132\/revisions"}],"wp:featuredmedia":[{"embeddable":true,"href":"https:\/\/www.europesays.com\/fr\/wp-json\/wp\/v2\/media\/570133"}],"wp:attachment":[{"href":"https:\/\/www.europesays.com\/fr\/wp-json\/wp\/v2\/media?parent=570132"}],"wp:term":[{"taxonomy":"category","embeddable":true,"href":"https:\/\/www.europesays.com\/fr\/wp-json\/wp\/v2\/categories?post=570132"},{"taxonomy":"post_tag","embeddable":true,"href":"https:\/\/www.europesays.com\/fr\/wp-json\/wp\/v2\/tags?post=570132"}],"curies":[{"name":"wp","href":"https:\/\/api.w.org\/{rel}","templated":true}]}}