{"id":570138,"date":"2025-12-01T03:17:21","date_gmt":"2025-12-01T03:17:21","guid":{"rendered":"https:\/\/www.europesays.com\/fr\/570138\/"},"modified":"2025-12-01T03:17:21","modified_gmt":"2025-12-01T03:17:21","slug":"cest-la-banqueroute-pour-la-belgique-si-leurope-nous-force-a-donner-les-milliards-russes-immobilises-chez-nous-a-lukraine","status":"publish","type":"post","link":"https:\/\/www.europesays.com\/fr\/570138\/","title":{"rendered":"\u00ab\u00a0C\u2019est la banqueroute pour la Belgique\u00a0\u00bb si l\u2019Europe nous force \u00e0 donner les\u00a0milliards russes immobilis\u00e9s chez nous\u00a0\u00e0 l\u2019Ukraine"},"content":{"rendered":"<p>  \tMaxime Pr\u00e9vot a tir\u00e9 la sonnette d\u2019alarme, tout comme Bart De Wever avant lui, sur les risques qui planent sur la Belgique par rapport \u00e0 la volont\u00e9 europ\u00e9enne de nous contraindre \u00e0 donner \u00e0 l\u2019Ukraine les milliards de dollars d\u2019avoirs russes bloqu\u00e9s chez Euroclear \u00e0 Bruxelles. Comme c\u2019est une man\u0153uvre ill\u00e9gale, outre les repr\u00e9sailles russes, ceux-ci auraient toutes les chances de gagner au tribunal pour r\u00e9cup\u00e9rer leur argent\u2026 ce qui ruinerait notre pays.<\/p>\n<p>&#13;<br \/>\n&#13;<\/p>\n<p>Le si\u00e8ge d\u2019Euroclear\u00a0se trouve \u00e0 Bruxelles. C\u2019est cette grande entreprise, une sorte de banque, o\u00f9 180 milliards de dollars d\u2019avoir russes ont \u00e9t\u00e9 immobilis\u00e9s. Notre\u00a0Premier ministre, Bart De Wever, refuse que\u00a0cet\u00a0argent\u00a0soit\u00a0donn\u00e9\u00a0\u00e0 l\u2019Ukraine, et le ministre des Affaires \u00e9trang\u00e8res Maxime Pr\u00e9vot est \u00ab\u00a0\u00e0 3000\u00a0% d\u2019accord\u00a0\u00bb avec lui, a-t-il expliqu\u00e9 ce dimanche soir dans l\u2019\u00e9mission Face \u00e0\u00a0Buxant.<\/p>\n<blockquote><p>C\u2019est aujourd\u2019hui l\u2019\u00e9p\u00e9e de Damocl\u00e8s majeure au-dessus de notre pays<\/p><\/blockquote>\n<p><strong>Maxime Pr\u00e9vot<\/strong>, ministre des Affaires \u00e9trang\u00e8res (Les Engag\u00e9s)<\/p>\n<p>\u00ab\u00a0Je pense qu\u2019on ne mesure pas que c\u2019est aujourd\u2019hui le principal risque, l\u2019\u00e9p\u00e9e de Damocl\u00e8s majeure au-dessus de la t\u00eate de notre pays. L\u2019objectif, c\u2019est \u00e9videmment d\u2019aider l\u2019Ukraine financi\u00e8rement, et la Belgique l\u2019a toujours fait et continuera de le faire. Mais on veut \u00e9viter de violer le droit international sur base non pas d\u2019une d\u00e9cision de justice, mais d\u2019une volont\u00e9 politique\u00a0: aller confisquer\u00a0ces avoirs russes, ce qui ne s\u2019est jamais fait\u00a0\u00bb, rappelle-t-il. \u00ab\u00a0M\u00eame pendant la seconde guerre mondiale, on n\u2019a pas \u00e9t\u00e9 confisqu\u00e9 parce que les risques d\u2019effondrement syst\u00e9mique des places financi\u00e8res, les risques pour la Belgique\u00a0\u00bb et ses citoyens \u00ab\u00a0sont simples\u00a0: c\u2019est que si\u00a0la Russie\u00a0nous\u00a0poursuit, elle aura toutes les chances de gagner au tribunal et nous ne pourrons pas, nous Belgique, rembourser ces 200 milliards parce que \u00e7a repr\u00e9sente l\u2019\u00e9quivalent d\u2019une ann\u00e9e de budget f\u00e9d\u00e9ral. C\u2019est la banqueroute pour la Belgique\u00a0\u00bb, assure-t-il.<\/p>\n<p>&#13;<br \/>\n&#13;<\/p>\n<p>&#13;<br \/>\n&#13;<\/p>\n<p>    \u00c0 lire aussi<\/p>\n<p>  <img decoding=\"async\" data-copyright=\"RTL info\" class=\"r-img\"  typeof=\"foaf:Image\" src=\"https:\/\/www.europesays.com\/fr\/wp-content\/uploads\/2025\/12\/55559155.jpeg\" alt=\"pq_avoirs copie.jpg\"\/><br \/>\n      <a href=\"https:\/\/www.rtl.be\/actu\/pourquoi\/la-belgique-refuse-de-liberer-les-avoirs-russes-geles-pour-aider-lukraine-est\/2025-11-25\/article\/771609\" class=\"r-stories--link\" target=\"_blank\" rel=\"noopener\">La Belgique refuse de lib\u00e9rer les avoirs russes gel\u00e9s pour aider l\u2019Ukraine\u00a0: \u00ab\u00a0On est dans une situation in\u00e9dite de violation du droit international\u00a0\u00bb<\/a><\/p>\n<p>Le ministre des Affaires \u00e9trang\u00e8res rappelle que lui-m\u00eame et\u00a0Bart De Wever se battent tous les jours pour faire comprendre aux autres pays europ\u00e9ens qu\u2019il ne s\u2019agit pas d\u2019une bonne id\u00e9e. \u00ab\u00a0Il est n\u00e9cessaire, et c\u2019est ce que nous plaidons depuis des mois, que si l\u2019Europe veut s\u2019aventurer sur cette piste, qu\u2019il y ait la solidarit\u00e9 des pays europ\u00e9ens\u00a0: on partage alors le risque, mais pas juste dire\u00a0\u2018on tord le bras de la Belgique et elle assume seule le risque financier et juridique\u2019.\u00a0\u00bb<\/p>\n<p>L\u2019Europe cherche \u00e0 contourner le refus de la Belgique<\/p>\n<p>Tordre le bras car oui, l\u2019Europe pourrait d\u00e9cider de\u00a0nous forcer\u00a0\u00e0 accepter cette d\u00e9cision, \u00e0 accepter de donner cet argent\u00a0\u00e0 l\u2019Ukraine. \u00ab\u00a0Actuellement, ils sont en train d\u2019\u00e9tudier une s\u00e9rie de pistes, y compris le cas \u00e9ch\u00e9ant, pour pouvoir les prendre \u00e0 la majorit\u00e9 qualifi\u00e9e, c\u2019est-\u00e0-dire en contournant la d\u00e9cision belge\u00a0\u00bb, avertit Maxime Pr\u00e9vot, qui ne s\u2019en\u00a0cache\u00a0pas\u00a0: \u00ab\u00a0Oui, \u00e7a nous inqui\u00e8te, \u00e7a nous pr\u00e9occupe, c\u2019est pour \u00e7a que le Premier ministre, \u00e0 juste titre, tire la sonnette d\u2019alarme. Je m\u2019efforce moi-m\u00eame, dans tous les milieux diplomatiques, de relayer ce message\u00a0: ne partons pas \u00e0 l\u2019aventure avec des risques dangereux et des cyberattaques\u00a0en r\u00e9pression. La Russie a d\u00e9j\u00e0 mis en garde la Belgique et l\u2019Europe. C\u2019est beaucoup plus simple d\u2019aider l\u2019Ukraine, \u00e0 court terme, en faisant un\u00a0pr\u00eat europ\u00e9en\u00a0classique.\u00a0\u00bb<\/p>\n<p>&#13;<br \/>\n&#13;<\/p>\n<p>&#13;<br \/>\n&#13;<\/p>\n","protected":false},"excerpt":{"rendered":"Maxime Pr\u00e9vot a tir\u00e9 la sonnette d\u2019alarme, tout comme Bart De Wever avant lui, sur les risques qui&hellip;\n","protected":false},"author":2,"featured_media":570139,"comment_status":"","ping_status":"","sticky":false,"template":"","format":"standard","meta":{"footnotes":""},"categories":[1586],"tags":[11,1777,674,1011,27,12,25,63397],"class_list":{"0":"post-570138","1":"post","2":"type-post","3":"status-publish","4":"format-standard","5":"has-post-thumbnail","7":"category-europe","8":"tag-actualites","9":"tag-eu","10":"tag-europe","11":"tag-fr","12":"tag-france","13":"tag-news","14":"tag-republique-francaise","15":"tag-rtl-info"},"share_on_mastodon":{"url":"https:\/\/pubeurope.com\/@fr\/115642148781078562","error":""},"_links":{"self":[{"href":"https:\/\/www.europesays.com\/fr\/wp-json\/wp\/v2\/posts\/570138","targetHints":{"allow":["GET"]}}],"collection":[{"href":"https:\/\/www.europesays.com\/fr\/wp-json\/wp\/v2\/posts"}],"about":[{"href":"https:\/\/www.europesays.com\/fr\/wp-json\/wp\/v2\/types\/post"}],"author":[{"embeddable":true,"href":"https:\/\/www.europesays.com\/fr\/wp-json\/wp\/v2\/users\/2"}],"replies":[{"embeddable":true,"href":"https:\/\/www.europesays.com\/fr\/wp-json\/wp\/v2\/comments?post=570138"}],"version-history":[{"count":0,"href":"https:\/\/www.europesays.com\/fr\/wp-json\/wp\/v2\/posts\/570138\/revisions"}],"wp:featuredmedia":[{"embeddable":true,"href":"https:\/\/www.europesays.com\/fr\/wp-json\/wp\/v2\/media\/570139"}],"wp:attachment":[{"href":"https:\/\/www.europesays.com\/fr\/wp-json\/wp\/v2\/media?parent=570138"}],"wp:term":[{"taxonomy":"category","embeddable":true,"href":"https:\/\/www.europesays.com\/fr\/wp-json\/wp\/v2\/categories?post=570138"},{"taxonomy":"post_tag","embeddable":true,"href":"https:\/\/www.europesays.com\/fr\/wp-json\/wp\/v2\/tags?post=570138"}],"curies":[{"name":"wp","href":"https:\/\/api.w.org\/{rel}","templated":true}]}}