{"id":570140,"date":"2025-12-01T03:18:38","date_gmt":"2025-12-01T03:18:38","guid":{"rendered":"https:\/\/www.europesays.com\/fr\/570140\/"},"modified":"2025-12-01T03:18:38","modified_gmt":"2025-12-01T03:18:38","slug":"jai-eu-besoin-de-dire-pardon-stephane-de-groodt-se-raconte-comme-jamais-dans-son-autobiographie","status":"publish","type":"post","link":"https:\/\/www.europesays.com\/fr\/570140\/","title":{"rendered":"\u00ab\u00a0J&rsquo;ai eu besoin de dire pardon\u00a0\u00bb : St\u00e9phane De Groodt se raconte comme jamais dans son autobiographie"},"content":{"rendered":"<p class=\"ap-StoryElement ap-StoryElement--mb ap-StoryText\"><b>On apprend dans le r\u00e9cit les raisons pour lesquelles vous avez tant eu ce besoin d&rsquo;exister et gr\u00e2ce \u00e0 qui ces multiples trajectoires ont \u00e9t\u00e9 rendues possibles.<\/b><\/p>\n<p class=\"ap-StoryElement ap-StoryElement--mb ap-StoryText\">Si j&rsquo;ai pu vivre mille vies, c&rsquo;est parce que j&rsquo;ai rencontr\u00e9 mille personnes qui, chacune \u00e0 leur mani\u00e8re, m&rsquo;ont amen\u00e9 \u00e0 cr\u00e9er un \u00e9chelon en plus sur cette \u00e9chelle qui me permettait de m&rsquo;\u00e9lever. J&rsquo;ai voulu acter le fait qu&rsquo;ils avaient \u00e9t\u00e9 des courroies de transmission importantes. Trintignant, Ickx, De Funes, Brel, entre autres, m&rsquo;ont appris et m&rsquo;ont donn\u00e9 \u00e0 penser que tout \u00e7a peut \u00eatre possible. \u00c7a n&rsquo;avait aucun sens de me raconter si je ne me racontais pas \u00e0 travers eux.<\/p>\n<p class=\"ap-StoryElement ap-StoryElement--mb ap-StoryText\"><b>L&rsquo;adolescent en surpoids hant\u00e9 par le fait de faire partie d&rsquo;un groupe de sport aurait-il cru que l&rsquo;adulte aurait \u00e9t\u00e9 capable d&rsquo;avoir autant de culot ?<\/b><\/p>\n<p class=\"ap-StoryElement ap-StoryElement--mb ap-StoryText\">Jamais de la vie ! Depuis tout petit, je me convoque. Je ne suis pas schizophr\u00e8ne mais on est deux. Il y a cet autre personnage qui a commenc\u00e9 \u00e0 grandir et il a toujours eu en ligne de mire ce petit gar\u00e7on qui avait ces r\u00eaves-l\u00e0. Je me suis pos\u00e9 la question de savoir si tout \u00e7a \u00e9tait bien r\u00e9el, si tout \u00e7a s&rsquo;\u00e9tait bien pass\u00e9. Le livre qui est \u00e9crit, je n&rsquo;aurais jamais imagin\u00e9 \u00eatre capable de l&rsquo;\u00e9crire. Je me pince aussi tous les soirs de monter sur sc\u00e8ne au th\u00e9\u00e2tre. Je dois conscientiser en permanence les choses que je fais et que je trouve incroyable.<\/p>\n<p class=\"ap-StoryElement ap-StoryElement--mb ap-StoryText\"><b>Vous vous livrez sur des sujets tr\u00e8s forts comme votre \u00e9mancipation pr\u00e9matur\u00e9e due \u00e0 votre rapport \u00e0 votre p\u00e8re alcoolique, les d\u00e9c\u00e8s de votre m\u00e8re et de votre fr\u00e8re a\u00een\u00e9 ou sur les fondations parfois instables avec vos filles et votre ancienne compagne Odile.<\/b><\/p>\n<p class=\"ap-StoryElement ap-StoryElement--mb ap-StoryText\">Nous sommes tous faits de petites pi\u00e8ces de puzzles. Si je ne raconte pas \u00e7a, le puzzle n&rsquo;est pas complet et l&rsquo;image est fausse. Ce sont des choses qui me sont arriv\u00e9es, ce sont des d\u00e9constructions qui m&rsquo;ont permis de me construire. Je ne m&rsquo;attendais pas \u00e0 traverser des \u00e9pisodes de vie o\u00f9 je faisais le constat. Je ne pense pas tous les jours au fait que mon p\u00e8re \u00e9tait alcoolique mais je le conscientise en l&rsquo;\u00e9crivant. C&rsquo;est pareil quand je partais \u00e0 Paris et je laissais ma famille ici. Il y a peut-\u00eatre des endroits o\u00f9 je n&rsquo;ai pas pris la mesure de certaines choses. C&rsquo;est pour \u00e7a que j&rsquo;ai eu besoin de dire pardon dans le bouquin.<\/p>\n<p class=\"ap-StoryElement ap-StoryElement--mb ap-StoryText\"><b>Vous apportez \u00e9galement votre propre d\u00e9finition de l&rsquo;amour qui penche davantage du c\u00f4t\u00e9 de la passion que de la raison.<\/b><\/p>\n<p class=\"ap-StoryElement ap-StoryElement--mb ap-StoryText\">Je me rends compte que j&rsquo;ai toujours eu besoin d&rsquo;une femme \u00e0 mes c\u00f4t\u00e9s pour me sentir un homme accompli. C&rsquo;est un compl\u00e9ment. Quand je suis seul, je ne suis pas fini. On a besoin de l&rsquo;autre pour se sublimer.<\/p>\n<p class=\"ap-StoryElement ap-StoryElement--mb ap-StoryText\"><b>Vous \u00eates loin du m\u00e9canisme de protection o\u00f9 on se refuse de parler des choses intimes en public.<\/b><\/p>\n<p class=\"ap-StoryElement ap-StoryElement--mb ap-StoryText\">Avec le temps et l&rsquo;\u00e2ge, je me suis rendu compte qu&rsquo;il \u00e9tait plus facile de dire la v\u00e9rit\u00e9 que de mentir. On se ment d&rsquo;abord \u00e0 soi-m\u00eame et puis c&rsquo;est tr\u00e8s lourd. \u00c0 un moment donn\u00e9, \u00e0 force de mettre trop de choses sous le tapis, on ne peut plus marcher dessus.<\/p>\n<p class=\"ap-StoryElement ap-StoryElement--mb ap-StoryText\"><b>Vous avez fait le m\u00e9nage dans le livre.<\/b><\/p>\n<p class=\"ap-StoryElement ap-StoryElement--mb ap-StoryText\">\u00c7a avait d\u00e9j\u00e0 commenc\u00e9 il y a un certain temps d&rsquo;assumer un peu plus les choses. Je n&rsquo;ai pas toujours eu l&rsquo;occasion de le faire.<\/p>\n<p><a href=\"https:\/\/www.parismatch.be\/culture\/litterature\/2025\/11\/27\/decouvrez-gratuitement-notre-special-fetes-de-ce-27-novembre-2025-AQFVECPM7BF3DISAV5UHKFA52Y\/\" target=\"_self\" class=\"ap-StoryInterstitialLink ap-StoryElement ap-StoryElement--mb\" rel=\"noopener\">D\u00e9couvrez gratuitement notre sp\u00e9cial \u00ab\u00a0F\u00eates\u00a0\u00bb de ce 27 novembre 2025<\/a><\/p>\n","protected":false},"excerpt":{"rendered":"On apprend dans le r\u00e9cit les raisons pour lesquelles vous avez tant eu ce besoin d&rsquo;exister et gr\u00e2ce&hellip;\n","protected":false},"author":2,"featured_media":570141,"comment_status":"","ping_status":"","sticky":false,"template":"","format":"standard","meta":{"footnotes":""},"categories":[1586],"tags":[68542,11,68545,1777,674,1779,1011,27,68544,68541,68543,12,25,68539,68540,1778,364],"class_list":{"0":"post-570140","1":"post","2":"type-post","3":"status-publish","4":"format-standard","5":"has-post-thumbnail","7":"category-europe","8":"tag-acteur-belge","9":"tag-actualites","10":"tag-editions-de-lobservatoire","11":"tag-eu","12":"tag-europe","13":"tag-european-union","14":"tag-fr","15":"tag-france","16":"tag-humour-et-passion","17":"tag-interview-stephane-de-groodt","18":"tag-livre-souvenir-celebrite","19":"tag-news","20":"tag-republique-francaise","21":"tag-stephane-de-groodt-autobiographie","22":"tag-stephane-de-groodt-en-memoire-de-mes-souvenirs","23":"tag-ue","24":"tag-union-europeenne"},"share_on_mastodon":{"url":"https:\/\/pubeurope.com\/@fr\/115642152019140502","error":""},"_links":{"self":[{"href":"https:\/\/www.europesays.com\/fr\/wp-json\/wp\/v2\/posts\/570140","targetHints":{"allow":["GET"]}}],"collection":[{"href":"https:\/\/www.europesays.com\/fr\/wp-json\/wp\/v2\/posts"}],"about":[{"href":"https:\/\/www.europesays.com\/fr\/wp-json\/wp\/v2\/types\/post"}],"author":[{"embeddable":true,"href":"https:\/\/www.europesays.com\/fr\/wp-json\/wp\/v2\/users\/2"}],"replies":[{"embeddable":true,"href":"https:\/\/www.europesays.com\/fr\/wp-json\/wp\/v2\/comments?post=570140"}],"version-history":[{"count":0,"href":"https:\/\/www.europesays.com\/fr\/wp-json\/wp\/v2\/posts\/570140\/revisions"}],"wp:featuredmedia":[{"embeddable":true,"href":"https:\/\/www.europesays.com\/fr\/wp-json\/wp\/v2\/media\/570141"}],"wp:attachment":[{"href":"https:\/\/www.europesays.com\/fr\/wp-json\/wp\/v2\/media?parent=570140"}],"wp:term":[{"taxonomy":"category","embeddable":true,"href":"https:\/\/www.europesays.com\/fr\/wp-json\/wp\/v2\/categories?post=570140"},{"taxonomy":"post_tag","embeddable":true,"href":"https:\/\/www.europesays.com\/fr\/wp-json\/wp\/v2\/tags?post=570140"}],"curies":[{"name":"wp","href":"https:\/\/api.w.org\/{rel}","templated":true}]}}