{"id":570148,"date":"2025-12-01T03:25:23","date_gmt":"2025-12-01T03:25:23","guid":{"rendered":"https:\/\/www.europesays.com\/fr\/570148\/"},"modified":"2025-12-01T03:25:23","modified_gmt":"2025-12-01T03:25:23","slug":"faire-en-sorte-que-de-tels-accidents-narrivent-plus-dans-le-rugby","status":"publish","type":"post","link":"https:\/\/www.europesays.com\/fr\/570148\/","title":{"rendered":"Faire en sorte que de tels accidents n\u2019arrivent plus dans le rugby"},"content":{"rendered":"<p>                    Par<br \/>\n        <strong><br \/>\n            <a href=\"https:\/\/actu.fr\/auteur\/karina-pujeolle\" title=\"Consulter tous les articles de Karina Pujeolle\" target=\"_blank\" rel=\"noopener\">Karina Pujeolle<\/a><br \/>\n                    <\/strong><\/p>\n<p>        Publi\u00e9 le<\/p>\n<p>            30 nov. 2025 \u00e0 17h11        <\/p>\n<p>Comme la fin d\u2019un chemin de croix. \u00c0 tout le moins d\u2019un long combat. C\u2019est ce que repr\u00e9sente symboliquement<a href=\"https:\/\/actu.fr\/normandie\/alencon_61001\/les-elus-dalencon-votent-une-subvention-de-18-000-e-au-nouveau-club-de-basket-et-renomment-le-stade-de-rugby_63295421.html\" target=\"_blank\" rel=\"noopener\">\u00a0la d\u00e9nomination du stade Laurent Hugo <\/a>pour Jean-Paul Carr\u00e8re.<\/p>\n<p class=\" wall-content\">L\u2019\u00e9motion qui l\u2019a saisi, dimanche 30\u00a0novembre 2025, \u00e0 l\u2019heure du <a href=\"https:\/\/actu.fr\/normandie\/alencon_61001\/le-stade-de-rugby-dalencon-sera-denomme-dimanche-en-presence-danciens-joueurs-de-lepoque-federale-du-rca_63507112.html\" target=\"_blank\" rel=\"noopener\">d\u00e9voilement de la plaque<\/a> en fut le t\u00e9moignage.<\/p>\n<p>    <img   decoding=\"async\" loading=\"lazy\" class=\"size-large\" src=\"https:\/\/www.europesays.com\/fr\/wp-content\/uploads\/2025\/12\/e1470d156c296d5470d156c29b9470v-960x640.jpg\" alt=\"L'ensemble des amis, des sportifs et de la famille de Laurent Hugo autour de la plaque du stade qui porte d\u00e9sormais son nom.\" width=\"960\" height=\"640\"\/><br \/>\n    L\u2019ensemble des amis, des sportifs et de la famille de Laurent Hugo autour de la plaque du stade qui porte d\u00e9sormais son nom. \u00a9L\u2019Orne hebdoPlaqu\u00e9 au sol<\/p>\n<p class=\" wall-content\">Jean-Paul Carr\u00e8re \u00e9tait pr\u00e9sident du<b> Rugby club d\u2019Alen\u00e7on<\/b> (RCA) en 1985. Le 3 mars de cette ann\u00e9e-l\u00e0, alors que l\u2019\u00e9quipe phare \u00e9voluait en 2e division, les 18 ans, engag\u00e9s en national, se d\u00e9pla\u00e7aient \u00e0 Nantes.<\/p>\n<p class=\" wall-content\">\u00ab\u2009Laurent rentrait tout juste d\u2019une semaine de sports d\u2019hiver avec son lyc\u00e9e Saint-Fran\u00e7ois-de-Sales et ce dimanche matin, l\u2019\u00e9quipe \u00e9tant incompl\u00e8te, sans r\u00e9fl\u00e9chir apr\u00e8s une nuit dans un car, il avait saisi ses crampons pour aller jouer ce match\u2009\u00bb.<\/p>\n<p class=\" wall-content\"><b>Plaqu\u00e9 au sol dans une action de jeu,<\/b> Laurent Hugo ne s\u2019est pas relev\u00e9. Ses blessures l\u2019ont rendu <b>t\u00e9trapl\u00e9gique, \u00e0 18\u00a0ans.<\/b><\/p>\n<p>Vid\u00e9os : en ce moment sur Actu<\/p>\n<p class=\" wall-content\">S\u2019en est ensuivi \u00ab\u2009un long calvaire de 40\u00a0ans pour une vie bris\u00e9e\u2009\u00bb, a confi\u00e9 Jean-Paul Carr\u00e8re, \u00e0 l\u2019heure de d\u00e9voiler la plaque du stade qui porte d\u00e9sormais le nom de son prot\u00e9g\u00e9 sur lequel il a veill\u00e9 jusqu\u2019\u00e0 son dernier souffle,<a href=\"https:\/\/actu.fr\/normandie\/alencon_61001\/depuis-un-accident-de-rugby-en-1985-le-junior-du-rc-alencon-etait-tetraplegique-laurent-hugo-est-decede_62230129.html\" target=\"_blank\" rel=\"noopener\"> le 4\u00a0f\u00e9vrier 2025, <\/a>\u00ab\u2009\u00e0 la veille de ses 58\u00a0ans\u2009\u00bb.<\/p>\n<p>Votre r\u00e9gion, votre actu !<\/p>\n<p>Recevez chaque jour les infos qui comptent pour vous.<\/p>\n<p>\t<a href=\"https:\/\/actu.fr\/newsletter\" class=\"ac-btn ac-btn--corner ac-btn--medium ac-btn--blue800\" target=\"_blank\" rel=\"noopener\">S&rsquo;incrire<\/a><br \/>\nLucide, digne, courageux, r\u00e9siliant<\/p>\n<p class=\" wall-content\">Apr\u00e8s cet accident, Laurent Hugo a v\u00e9cu <b>deux ann\u00e9es \u00e0 l\u2019h\u00f4pital de Garches<\/b> \u00ab\u2009o\u00f9 il a retrouv\u00e9 go\u00fbt \u00e0 la vie\u2009\u00bb. Il a <b>d\u00e9croch\u00e9 son Bac<\/b> \u00ab\u2009qu\u2019avec des \u00e9preuves orales\u2009\u00bb puis a rejoint <b>Grenoble<\/b> \u00ab\u2009pour des soins de r\u00e9\u00e9ducation et de r\u00e9habilitation\u2009\u00bb. L\u00e0-bas, dans <b>une fac adapt\u00e9e au handicap<\/b>, il a obtenu une licence puis une ma\u00eetrise de Sciences \u00e9conomiques. Et a v\u00e9cu dans cette ville \u00ab\u2009dans un appartement tout \u00e9quip\u00e9 \u00e0 son handicap\u2009\u00bb.<\/p>\n<p class=\" wall-content\">Durant ces quatre d\u00e9cennies, \u00ab\u2009Laurent a fait preuve de lucidit\u00e9, de dignit\u00e9, de courage, d\u2019une r\u00e9silience for\u00e7ant l\u2019admiration. Il \u00e9tait tr\u00e8s ouvert et s\u2019int\u00e9ressait \u00e0 plein de choses\u2009\u00bb, a soulign\u00e9 Jean-Paul Carr\u00e8re avant de saluer, face \u00e0 un important auditoire compos\u00e9 de rugbymen et d\u2019amis du joueur, \u00ab\u2009une personnalit\u00e9 attachante, intelligente, saine et aux traits d\u2019humour particuli\u00e8rement sentis\u2009\u00bb.<\/p>\n<p>    <img   decoding=\"async\" loading=\"lazy\" class=\"size-large\" src=\"https:\/\/www.europesays.com\/fr\/wp-content\/uploads\/2025\/12\/72050d156c29696050d156c296a050v-960x640.jpg\" alt=\"Jean-Paul Carr\u00e8re (dans la lumi\u00e8re) entour\u00e9 de Rapha\u00ebl, le fr\u00e8re de laurent Hugo, et e sa maman, de son ami St\u00e9phane Guy, de Gilles Rodia, un ancien joueur de D2 du RCA, et de Micha\u00ebl Masson, un ami d'enfnce de Laurent.\" width=\"960\" height=\"640\"\/><br \/>\n    Jean-Paul Carr\u00e8re (dans la lumi\u00e8re) entour\u00e9 de Rapha\u00ebl, le fr\u00e8re de Laurent Hugo, et de sa maman, de son ami St\u00e9phane Guy, de Gilles Rodia, un ancien joueur de D2 du RCA, et de Micha\u00ebl Masson, un ami d\u2019enfance de Laurent. \u00a9L\u2019Orne hebdo\u00ab\u2009Il n\u2019a jamais eu de ranc\u0153ur envers ce sport\u2009\u00bb<\/p>\n<p class=\" wall-content\">Laurent Hugo avait cr\u00e9\u00e9 sa soci\u00e9t\u00e9 \u00ab\u2009de sites internet\u2009\u00bb et, \u00ab\u2009loin de s\u2019apitoyer sur son sort\u2009\u00bb, il pr\u00e9sidait une structure m\u00e9dicale et param\u00e9dicale d\u2019aide \u00e0 domicile.<\/p>\n<p class=\" wall-content\">Au fil de ces 40\u00a0ans de handicap, \u00ab\u2009il n\u2019a jamais eu de ranc\u0153ur envers ce sport qui a caus\u00e9 son malheur\u2009\u00bb et il livrait \u00e0 Jean-Paul Carr\u00e8re \u00ab\u2009des <b>analyses pertinentes <\/b>sur le d\u00e9roul\u00e9 des matchs de rugby\u2009\u00bb. Et notamment ceux de son \u00e9quipe pr\u00e9f\u00e9r\u00e9e, Grenoble.<\/p>\n<p class=\" wall-content\">Il repose d\u00e9sormais en r\u00e9gion parisienne, \u00ab\u2009\u00e0 c\u00f4t\u00e9 de son papa\u2009\u00bb.<\/p>\n<p class=\" wall-content\"><b>Jean-Paul Carr\u00e8re a remerci\u00e9 la famille de Laurent<\/b> \u00ab\u2009pour nous avoir insuffl\u00e9 une part de leur force morale\u2009\u00bb et \u00ab\u2009pour ne nous avoir jamais incrimin\u00e9s\u2009\u00bb apr\u00e8s \u00ab\u2009cette douloureuse \u00e9preuve\u2009\u00bb.<\/p>\n<p class=\" wall-content\">Et l\u2019ancien pr\u00e9sident du RCA de conclure son vibrant hommage en empruntant la conclusion de l\u2019officiant lors des obs\u00e8ques de Laurent Hugo\u2009: \u00ab\u2009Il ne faut pas que la douleur de l\u2019avoir perdu d\u00e9passe le bonheur de l\u2019avoir connu\u2009\u00bb. \u00ab\u2009Ce fut m\u00eame un privil\u00e8ge\u2009\u00bb, a-t-il rajout\u00e9.<\/p>\n<p>    <img   decoding=\"async\" loading=\"lazy\" class=\"size-large\" src=\"https:\/\/www.europesays.com\/fr\/wp-content\/uploads\/2025\/12\/83830d156c29687830d156c295b830v-960x640.jpg\" alt=\"Le maire Joaquim Pueyo a d\u00e9cern\u00e9 la m\u00e9daille de la Ville d'Alen\u00e7on \u00e0 Laurent Hugo \u00e0 titre posthume et l'a remise \u00e0 sa maman, dimanche 30 novembre, sur le stade d'Alen\u00e7on.\" width=\"960\" height=\"640\"\/><br \/>\n    Le maire Joaquim Pueyo a d\u00e9cern\u00e9 la m\u00e9daille de la Ville d\u2019Alen\u00e7on \u00e0 Laurent Hugo \u00e0 titre posthume et l\u2019a remise \u00e0 Fran\u00e7oise, sa maman, dimanche 30 novembre, sur le stade d\u2019Alen\u00e7on. \u00a9L\u2019Orne hebdoLa m\u00e9daille de la Ville \u00e0 titre posthume<\/p>\n<p class=\" wall-content\">\u00ab\u2009La f\u00e9d\u00e9ration fran\u00e7aise de rugby se devait d\u2019\u00eatre l\u00e0 aujourd\u2019hui\u2009\u00bb, a relev\u00e9 son repr\u00e9sentant non sans insister sur le fait que, depuis cet accident, l\u2019instance sportive \u00ab\u2009est vigilante et attentive et a mis des choses en place et <b>d\u00e9veloppe une politique<\/b> pour faire en sorte que l\u2019accident de Laurent ne se reproduise plus\u2009\u00bb.<\/p>\n<p class=\" wall-content\">La repr\u00e9sentante de la Ligue de rugby a remerci\u00e9 le RCA et la Ville d\u2019Alen\u00e7on \u00ab\u2009pour avoir accept\u00e9 que Laurent fasse partie de ce club encore tr\u00e8s longtemps\u2009\u00bb.<\/p>\n<p class=\" wall-content\">Pour Joaquim Pueyo, le maire d\u2019Alen\u00e7on, \u00ab\u2009il nous appartient de faire vivre l\u2019h\u00e9ritage de Laurent, de perp\u00e9tuer son \u00e9nergie, sa passion et l\u2019amour inalt\u00e9rable qu\u2019il portait \u00e0 ce sport et \u00e0 ceux qui l\u2019entouraient\u2009\u00bb. Il a d\u00e9cern\u00e9, \u00ab\u2009\u00e0 titre posthume\u2009\u00bb, <b>la m\u00e9daille de la Ville d\u2019Alen\u00e7on<\/b> \u00e0 Laurent Hugo et l\u2019a remise \u00e0 sa maman, pr\u00e9sente avec Rapha\u00ebl, l\u2019un de ses trois fils.<\/p>\n<p>    <img   decoding=\"async\" loading=\"lazy\" class=\"size-large\" src=\"https:\/\/www.europesays.com\/fr\/wp-content\/uploads\/2025\/12\/aa470d156c2969e470d156c2962570v-960x640.jpg\" alt=\"Rapha\u00ebl, le jeune fr\u00e8re de Laurent Hugo, ici avec son maillot du RCA.\" width=\"960\" height=\"640\"\/><br \/>\n    Rapha\u00ebl, le jeune fr\u00e8re de Laurent Hugo, ici avec son maillot du RCA. \u00a9L\u2019Orne hebdo\u00ab\u2009Laurent a \u00e9t\u00e9 heureux une partie de sa vie\u2009\u00bb<\/p>\n<p class=\" wall-content\">Rapha\u00ebl, qui avait 5\u00a0ans en 1985, s\u2019est dit \u00ab\u2009honor\u00e9 de voir la m\u00e9moire\u2009\u00bb de son fr\u00e8re Laurent salu\u00e9 par la d\u00e9nomination du stade \u00e0 son nom et a remerci\u00e9 l\u2019ensemble des acteurs qui ont permis cela mais aussi la f\u00e9d\u00e9ration fran\u00e7aise de rugby qui, par son soutien aupr\u00e8s de Laurent, a fait qu\u2019il <b>a gard\u00e9 intacte sa passion pour ce sport.<\/b><\/p>\n<p class=\" wall-content\">\u00ab\u2009Laurent a \u00e9t\u00e9 heureux une grande partie de sa vie m\u00eame si la fin fut plus difficile car il \u00e9tait au bout du rouleau. Mais conform\u00e9ment \u00e0 sa volont\u00e9, il n\u2019y a pas eu d\u2019acharnement th\u00e9rapeutique\u2009\u00bb, a d\u00e9clar\u00e9 Fran\u00e7oise Hugo, sa maman, avant d\u2019adresser ses remerciements \u00ab\u2009\u00e0 sa ville, \u00e0 son sport et \u00e0 M. Carr\u00e8re qui l\u2019a accompagn\u00e9 physiquement et qui a toujours \u00e9t\u00e9 l\u00e0 pour prendre de ses nouvelles\u2009\u00bb.<\/p>\n<p class=\" wall-content\">Personnalisez votre actualit\u00e9 en ajoutant vos villes et m\u00e9dias en favori avec <a href=\"https:\/\/moncompte.actu.fr\" title=\"D\u00e9couvez Mon Actu\" rel=\"nofollow noopener\" data-trk=\"{&quot;cta&quot;:{&quot;action&quot;:&quot;https:\\\/\\\/moncompte.actu.fr&quot;,&quot;category&quot;:&quot;mon compte&quot;,&quot;from&quot;:&quot;article footer&quot;,&quot;name&quot;:&quot;Mon actu&quot;,&quot;type&quot;:&quot;cta&quot;}}\" target=\"_blank\">Mon Actu<\/a>.<\/p>\n","protected":false},"excerpt":{"rendered":"Par Karina Pujeolle Publi\u00e9 le 30 nov. 2025 \u00e0 17h11 Comme la fin d\u2019un chemin de croix. \u00c0&hellip;\n","protected":false},"author":2,"featured_media":570149,"comment_status":"","ping_status":"","sticky":false,"template":"","format":"standard","meta":{"footnotes":""},"categories":[1416],"tags":[119,1011,27,479,1468,104,517,60],"class_list":{"0":"post-570148","1":"post","2":"type-post","3":"status-publish","4":"format-standard","5":"has-post-thumbnail","7":"category-rugby","8":"tag-accident","9":"tag-fr","10":"tag-france","11":"tag-rugby","12":"tag-rugby-football","13":"tag-societe","14":"tag-sport","15":"tag-sports"},"share_on_mastodon":{"url":"https:\/\/pubeurope.com\/@fr\/115642180927362849","error":""},"_links":{"self":[{"href":"https:\/\/www.europesays.com\/fr\/wp-json\/wp\/v2\/posts\/570148","targetHints":{"allow":["GET"]}}],"collection":[{"href":"https:\/\/www.europesays.com\/fr\/wp-json\/wp\/v2\/posts"}],"about":[{"href":"https:\/\/www.europesays.com\/fr\/wp-json\/wp\/v2\/types\/post"}],"author":[{"embeddable":true,"href":"https:\/\/www.europesays.com\/fr\/wp-json\/wp\/v2\/users\/2"}],"replies":[{"embeddable":true,"href":"https:\/\/www.europesays.com\/fr\/wp-json\/wp\/v2\/comments?post=570148"}],"version-history":[{"count":0,"href":"https:\/\/www.europesays.com\/fr\/wp-json\/wp\/v2\/posts\/570148\/revisions"}],"wp:featuredmedia":[{"embeddable":true,"href":"https:\/\/www.europesays.com\/fr\/wp-json\/wp\/v2\/media\/570149"}],"wp:attachment":[{"href":"https:\/\/www.europesays.com\/fr\/wp-json\/wp\/v2\/media?parent=570148"}],"wp:term":[{"taxonomy":"category","embeddable":true,"href":"https:\/\/www.europesays.com\/fr\/wp-json\/wp\/v2\/categories?post=570148"},{"taxonomy":"post_tag","embeddable":true,"href":"https:\/\/www.europesays.com\/fr\/wp-json\/wp\/v2\/tags?post=570148"}],"curies":[{"name":"wp","href":"https:\/\/api.w.org\/{rel}","templated":true}]}}