{"id":57015,"date":"2025-04-27T14:33:14","date_gmt":"2025-04-27T14:33:14","guid":{"rendered":"https:\/\/www.europesays.com\/fr\/57015\/"},"modified":"2025-04-27T14:33:14","modified_gmt":"2025-04-27T14:33:14","slug":"une-operation-anti-stupefiants-pour-rappeler-que-consommer-cest-nourrir-le-trafic","status":"publish","type":"post","link":"https:\/\/www.europesays.com\/fr\/57015\/","title":{"rendered":"une op\u00e9ration anti-stup\u00e9fiants pour rappeler que \u00ab\u00a0consommer, c\u2019est nourrir le trafic\u00a0\u00bb"},"content":{"rendered":"<p>            Par<br \/>\n        <strong><br \/>\n            <a href=\"https:\/\/actu.fr\/auteur\/lea-pippinato\" title=\"Consulter tous les articles de L\u00e9a Pippinato\" rel=\"nofollow noopener\" target=\"_blank\">L\u00e9a Pippinato<\/a><br \/>\n        <\/strong><\/p>\n<p>        Publi\u00e9 le<\/p>\n<p>            27 avr. 2025 \u00e0 10h44        <\/p>\n<p><strong>Le quartier des Marels<\/strong>, entre la zone police de Montpellier et celle de gendarmerie de Castelnau-le-Lez, est connu pour <strong>son activit\u00e9 continue de vente de stup\u00e9fiants<\/strong>. Ce vendredi 25 avril 2025, les forces de s\u00e9curit\u00e9 ont men\u00e9 <strong>une op\u00e9ration de contr\u00f4le<\/strong> pour <strong>perturber les trafics<\/strong> et <strong>sanctionner les consommateurs<\/strong>. \u00ab\u00a0Notre action vise aussi les consommateurs car tant qu\u2019il y aura de la demande les trafics continueront\u00a0\u00bb, insiste Thibaut F\u00e9lix, directeur de cabinet du pr\u00e9fet de l\u2019H\u00e9rault. \u00c0 Montpellier, <a href=\"https:\/\/actu.fr\/occitanie\/montpellier_34172\/montpellier-securite-les-priorites-seront-renforcees-en-2025-previent-sebastien-cote_62139250.html\" rel=\"nofollow noopener\" target=\"_blank\">class\u00e9e ville de s\u00e9curit\u00e9 renforc\u00e9e<\/a>, l\u2019\u00c9tat multiplie les moyens pour s\u2019attaquer aux r\u00e9seaux mais aussi \u00e0 la consommation, avec des amendes et des suspensions de permis.<\/p>\n<p>    <a href=\"https:\/\/www.google.com\/maps\/embed?pb=!1m18!1m12!1m3!1d2888.369997930841!2d3.921430788897955!3d43.61965749659692!2m3!1f0!2f0!3f0!3m2!1i1024!2i768!4f13.1!3m3!1m2!1s0x12b6a5bd669594c3%3A0xbe3197f5469c672c!2sRue%20des%20Marels%2C%2034000!5e0!3m2!1sen!2sfr!4v1745620600982!5m2!1sen!2sfr\" title=\"Ouvrie le lien\" rel=\"nofollow noopener\" target=\"_blank\">Cliquez ici pour visualiser le contenu<\/a><\/p>\n<p class=\" wall-content\">Dans le secteur, 32 amendes de 135 euros ont \u00e9t\u00e9 inflig\u00e9es en avril pour d\u00e9tention de stup\u00e9fiants. Cette politique de fermet\u00e9 s\u2019appuie aussi sur des contr\u00f4les routiers. Lorsqu\u2019un conducteur est sous l\u2019emprise de stup\u00e9fiants, les forces de l\u2019ordre peuvent ordonner jusqu\u2019\u00e0 six mois de suspension de permis.<\/p>\n<p>Un week-end \u00e0 risque sous haute surveillance<\/p>\n<p class=\" wall-content\">Ce week-end de d\u00e9parts en vacances a renforc\u00e9 les inqui\u00e9tudes. \u00ab\u00a0Certains automobilistes ne parcourent pas seulement quelques kilom\u00e8tres, ils peuvent rouler 300 \u00e0 400 kilom\u00e8tres sous l\u2019emprise de drogues\u00a0\u00bb, souligne Thibaut F\u00e9lix. C\u2019est aussi pour pr\u00e9venir des drames sur les routes que l\u2019op\u00e9ration a \u00e9t\u00e9 organis\u00e9e \u00e0 l\u2019\u00e9chelle d\u00e9partementale <strong>entre 15h et 17h<\/strong>. Le dispositif a mobilis\u00e9 trois forces de s\u00e9curit\u00e9 coordonn\u00e9es. Vingt-cinq policiers nationaux, des CRS motocyclistes venus de Marseille et la gendarmerie ont tenu le terrain, appuy\u00e9s par deux agents de la police municipale et six fonctionnaires de l\u2019unit\u00e9 motocycliste zonale (DUMZ).\u00a0<\/p>\n<p>      <img   decoding=\"async\" loading=\"lazy\" src=\"https:\/\/www.europesays.com\/fr\/wp-content\/uploads\/2025\/04\/img-3214-960x640.jpg\" alt=\"91 personnes et 83 v\u00e9hicules contr\u00f4l\u00e9s lors de l'op\u00e9ration.\" width=\"960\" height=\"640\"\/><br \/>\n    91 personnes et 83 v\u00e9hicules contr\u00f4l\u00e9s lors de l\u2019op\u00e9ration. (\u00a9M\u00e9tropolitain \/ LP)Vid\u00e9os : en ce moment sur Actu<\/p>\n<p class=\" wall-content\">Le bilan est cons\u00e9quent. En quelques heures, 75 infractions au code de la route ont \u00e9t\u00e9 relev\u00e9es <strong>en zone gendarmerie<\/strong>. Parmi elles, six amendes forfaitaires d\u00e9lictuelles pour d\u00e9tention de stup\u00e9fiants, trois pour port d\u2019armes de cat\u00e9gorie D, un refus d\u2019obtemp\u00e9rer, sept conduites sous l\u2019emprise de stup\u00e9fiants, une conduite malgr\u00e9 une suspension de permis, cinq d\u00e9fauts d\u2019assurance, une mise en fourri\u00e8re de v\u00e9hicule, une personne inscrite au fichier des personnes recherch\u00e9es, sept conduites en t\u00e9l\u00e9phonant au volant et quinze d\u00e9fauts de contr\u00f4le technique.<\/p>\n<p class=\" wall-content\"><strong>En zone police<\/strong>, 91 personnes et 83 v\u00e9hicules ont \u00e9t\u00e9 contr\u00f4l\u00e9s. Les policiers ont proc\u00e9d\u00e9 \u00e0 une garde \u00e0 vue pour conduite sous l\u2019emprise de stup\u00e9fiants et d\u00e9tention de stup\u00e9fiants, deux r\u00e9tentions de permis de conduire pour conduite sous stup\u00e9fiants, treize amendes pour d\u00e9tention de stup\u00e9fiants, une amende pour d\u00e9faut d\u2019assurance et deux pour port d\u2019arme de cat\u00e9gorie D. Six proc\u00e8s-verbaux \u00e9lectroniques ont \u00e9galement \u00e9t\u00e9 dress\u00e9s pour diverses infractions au code de la route.<\/p>\n<p>      <img   decoding=\"async\" loading=\"lazy\" src=\"https:\/\/www.europesays.com\/fr\/wp-content\/uploads\/2025\/04\/img-3213-960x640.jpg\" alt=\"Les CRS contr\u00f4lent v\u00e9hicules et conducteurs.\" width=\"960\" height=\"640\"\/><br \/>\n    Les CRS contr\u00f4lent v\u00e9hicules et conducteurs. (\u00a9M\u00e9tropolitain \/ LP)Les op\u00e9rations anti-drogue se multiplient<\/p>\n<p class=\" wall-content\">Les autorit\u00e9s ne rel\u00e2chent pas la pression. <strong>Le 23 avril<\/strong>, au p\u00e9age de Poussan, une autre op\u00e9ration a permis de contr\u00f4ler 35 personnes et 25 v\u00e9hicules en partenariat avec les douanes. Deux interpellations pour v\u00e9rification de droit de s\u00e9jour ont eu lieu, un mineur en fugue a \u00e9t\u00e9 retrouv\u00e9, un conducteur sous stup\u00e9fiants a \u00e9t\u00e9 intercept\u00e9. Sur une autre mobilisation, 94 personnes et 74 v\u00e9hicules ont \u00e9t\u00e9 contr\u00f4l\u00e9s. Des infractions comme la non-pr\u00e9sentation du permis de conduire, une plaque d\u2019immatriculation non conforme, un non-changement de propri\u00e9taire de carte grise, un pneu lisse ou l\u2019absence du sigle jeune conducteur ont \u00e9t\u00e9 constat\u00e9es.<\/p>\n<p class=\" wall-content\">Benoit Desmartin, directeur interd\u00e9partemental de la police nationale de l\u2019H\u00e9rault, rappelle que \u00ab\u00a0chaque op\u00e9ration renforce la pr\u00e9sence des forces de l\u2019ordre et envoie un signal fort aux trafiquants.\u00a0\u00bb La lutte contre les stup\u00e9fiants est d\u00e9sormais quotidienne \u00e0 Montpellier.<\/p>\n<p class=\" wall-content\">Suivez toute l\u2019actualit\u00e9 de vos villes et m\u00e9dias favoris en vous inscrivant \u00e0 <a href=\"https:\/\/moncompte.actu.fr\" title=\"D\u00e9couvez Mon Actu\" rel=\"nofollow noopener\" data-trk=\"{&quot;cta&quot;:{&quot;action&quot;:&quot;https:\\\/\\\/moncompte.actu.fr&quot;,&quot;category&quot;:&quot;mon compte&quot;,&quot;from&quot;:&quot;article footer&quot;,&quot;name&quot;:&quot;Mon actu&quot;,&quot;type&quot;:&quot;cta&quot;}}\" target=\"_blank\">Mon Actu<\/a>.<\/p>\n","protected":false},"excerpt":{"rendered":"Par L\u00e9a Pippinato Publi\u00e9 le 27 avr. 2025 \u00e0 10h44 Le quartier des Marels, entre la zone police&hellip;\n","protected":false},"author":2,"featured_media":57016,"comment_status":"","ping_status":"","sticky":false,"template":"","format":"standard","meta":{"footnotes":""},"categories":[9599],"tags":[1111,11,1052,1777,674,118,1011,27,3381,2208,12,2680,1072,25],"class_list":{"0":"post-57015","1":"post","2":"type-post","3":"status-publish","4":"format-standard","5":"has-post-thumbnail","7":"category-montpellier","8":"tag-actu","9":"tag-actualites","10":"tag-drogue","11":"tag-eu","12":"tag-europe","13":"tag-faits-divers","14":"tag-fr","15":"tag-france","16":"tag-gendarmerie","17":"tag-montpellier","18":"tag-news","19":"tag-occitanie","20":"tag-police","21":"tag-republique-francaise"},"share_on_mastodon":{"url":"https:\/\/pubeurope.com\/@fr\/114410422516140927","error":""},"_links":{"self":[{"href":"https:\/\/www.europesays.com\/fr\/wp-json\/wp\/v2\/posts\/57015","targetHints":{"allow":["GET"]}}],"collection":[{"href":"https:\/\/www.europesays.com\/fr\/wp-json\/wp\/v2\/posts"}],"about":[{"href":"https:\/\/www.europesays.com\/fr\/wp-json\/wp\/v2\/types\/post"}],"author":[{"embeddable":true,"href":"https:\/\/www.europesays.com\/fr\/wp-json\/wp\/v2\/users\/2"}],"replies":[{"embeddable":true,"href":"https:\/\/www.europesays.com\/fr\/wp-json\/wp\/v2\/comments?post=57015"}],"version-history":[{"count":0,"href":"https:\/\/www.europesays.com\/fr\/wp-json\/wp\/v2\/posts\/57015\/revisions"}],"wp:featuredmedia":[{"embeddable":true,"href":"https:\/\/www.europesays.com\/fr\/wp-json\/wp\/v2\/media\/57016"}],"wp:attachment":[{"href":"https:\/\/www.europesays.com\/fr\/wp-json\/wp\/v2\/media?parent=57015"}],"wp:term":[{"taxonomy":"category","embeddable":true,"href":"https:\/\/www.europesays.com\/fr\/wp-json\/wp\/v2\/categories?post=57015"},{"taxonomy":"post_tag","embeddable":true,"href":"https:\/\/www.europesays.com\/fr\/wp-json\/wp\/v2\/tags?post=57015"}],"curies":[{"name":"wp","href":"https:\/\/api.w.org\/{rel}","templated":true}]}}