{"id":570152,"date":"2025-12-01T03:30:42","date_gmt":"2025-12-01T03:30:42","guid":{"rendered":"https:\/\/www.europesays.com\/fr\/570152\/"},"modified":"2025-12-01T03:30:42","modified_gmt":"2025-12-01T03:30:42","slug":"vainqueur-de-la-coupe-de-france-sur-route-septuple-champion-de-france-de-cyclo-cross-clement-venturini-na-toujours-pas-dequipe-pour-2026","status":"publish","type":"post","link":"https:\/\/www.europesays.com\/fr\/570152\/","title":{"rendered":"Vainqueur de la Coupe de France sur route, septuple champion de France de cyclo-cross, Cl\u00e9ment Venturini n\u2019a toujours pas d\u2019\u00e9quipe pour 2026"},"content":{"rendered":"<p>Septuple champion de France de la sp\u00e9cialit\u00e9, dernier vainqueur de la Coupe de France sur route, <a href=\"https:\/\/www.letelegramme.fr\/sports\/cyclisme\/cyclo-cross\/je-nai-pas-du-tout-la-tete-au-cyclo-cross-sans-equipe-pour-2026-clement-venturini-visera-t-il-un-huitieme-titre-de-champion-de-france-de-cyclo-cross-6931425.php\" target=\"_blank\" rel=\"noopener\">Cl\u00e9ment Venturini<\/a> n\u2019a pourtant toujours pas repris la discipline hivernale et pour cause : laiss\u00e9 libre par l\u2019arr\u00eat de la formation Ark\u00e9a-B&amp;B Hotels, le natif de Villeurbanne n\u2019a toujours pas retrouv\u00e9 de contrat pour 2026. \u00ab \u00c7a n\u2019avance pas\u2026 \u00bb, confie celui qui repr\u00e9sente \u00e0 la fois un capital points sur la route et qui brille dans les sous-bois.<\/p>\n","protected":false},"excerpt":{"rendered":"Septuple champion de France de la sp\u00e9cialit\u00e9, dernier vainqueur de la Coupe de France sur route, Cl\u00e9ment Venturini&hellip;\n","protected":false},"author":2,"featured_media":570153,"comment_status":"","ping_status":"","sticky":false,"template":"","format":"standard","meta":{"footnotes":""},"categories":[1411],"tags":[34378,1154,207,59294,3166,1011,27,2427,60],"class_list":{"0":"post-570152","1":"post","2":"type-post","3":"status-publish","4":"format-standard","5":"has-post-thumbnail","7":"category-cyclisme","8":"tag-arkea-bb-hotels","9":"tag-cycling","10":"tag-cyclisme","11":"tag-cyclo-cross","12":"tag-en-continu-sports","13":"tag-fr","14":"tag-france","15":"tag-professionnels","16":"tag-sports"},"share_on_mastodon":{"url":"https:\/\/pubeurope.com\/@fr\/115642199127104628","error":""},"_links":{"self":[{"href":"https:\/\/www.europesays.com\/fr\/wp-json\/wp\/v2\/posts\/570152","targetHints":{"allow":["GET"]}}],"collection":[{"href":"https:\/\/www.europesays.com\/fr\/wp-json\/wp\/v2\/posts"}],"about":[{"href":"https:\/\/www.europesays.com\/fr\/wp-json\/wp\/v2\/types\/post"}],"author":[{"embeddable":true,"href":"https:\/\/www.europesays.com\/fr\/wp-json\/wp\/v2\/users\/2"}],"replies":[{"embeddable":true,"href":"https:\/\/www.europesays.com\/fr\/wp-json\/wp\/v2\/comments?post=570152"}],"version-history":[{"count":0,"href":"https:\/\/www.europesays.com\/fr\/wp-json\/wp\/v2\/posts\/570152\/revisions"}],"wp:featuredmedia":[{"embeddable":true,"href":"https:\/\/www.europesays.com\/fr\/wp-json\/wp\/v2\/media\/570153"}],"wp:attachment":[{"href":"https:\/\/www.europesays.com\/fr\/wp-json\/wp\/v2\/media?parent=570152"}],"wp:term":[{"taxonomy":"category","embeddable":true,"href":"https:\/\/www.europesays.com\/fr\/wp-json\/wp\/v2\/categories?post=570152"},{"taxonomy":"post_tag","embeddable":true,"href":"https:\/\/www.europesays.com\/fr\/wp-json\/wp\/v2\/tags?post=570152"}],"curies":[{"name":"wp","href":"https:\/\/api.w.org\/{rel}","templated":true}]}}