{"id":570154,"date":"2025-12-01T03:32:10","date_gmt":"2025-12-01T03:32:10","guid":{"rendered":"https:\/\/www.europesays.com\/fr\/570154\/"},"modified":"2025-12-01T03:32:10","modified_gmt":"2025-12-01T03:32:10","slug":"il-va-falloir-remettre-certaines-choses-a-zero-waldemar-kita-allume-larbitrage-et-la-lfp-apres-la-defaite-de-nantes-a-lyon","status":"publish","type":"post","link":"https:\/\/www.europesays.com\/fr\/570154\/","title":{"rendered":"\u00ab\u00a0Il va falloir remettre certaines choses \u00e0 z\u00e9ro\u00a0\u00bb, Waldemar Kita allume l&rsquo;arbitrage et la LFP apr\u00e8s la d\u00e9faite de Nantes \u00e0 Lyon"},"content":{"rendered":"<p>Waldemar Kita a pouss\u00e9 un coup de gueule ce dimanche apr\u00e8s la d\u00e9faite de Nantes sur la pelouse de Lyon \u00e0 l&rsquo;occasion du dernier match de la 14e journ\u00e9e de Ligue 1 (0-3). Le pr\u00e9sident des Canaris s&rsquo;en est pris \u00e0 l&rsquo;arbitrage qui a, selon lui, d\u00e9s\u00e9quilibr\u00e9 la rencontre suite \u00e0 des d\u00e9cisions litigieuses.<\/p>\n<p>Une d\u00e9faite difficile \u00e0 dig\u00e9rer. Le pr\u00e9sident du FC Nantes Waldemar Kita a s\u00e9v\u00e8rement critiqu\u00e9 l&rsquo;arbitrage apr\u00e8s la <a href=\"https:\/\/rmcsport.bfmtv.com\/football\/ligue-1\/direct-ol-nantes-suivez-le-dernier-match-de-la-14e-journee-de-ligue-1-en-live_LS-202511300366.html\" title=\"Lyon-Nantes: les Lyonnais se replacent dans la course \u00e0 l&#039;Europe en enfon\u00e7ant les Canaris\" class=\"internal_link\" target=\"_blank\" rel=\"noopener\">d\u00e9faite son \u00e9quipe sur la pelouse de Lyon<\/a> lors du dernier match de la 14e journ\u00e9e de Ligue 1 ce dimanche (3-0). \u00ab\u00a0L\u00e0, il n&rsquo;y a jamais carton rouge, on d\u00e9s\u00e9quilibre le match\u00a0\u00bb, constate, dans un premier, temps le pr\u00e9sident nantais, en faisant allusion au carton rouge re\u00e7u par Junior Mwanga \u00e0 la 43e minute de jeu.<\/p>\n<p>Auteur d&rsquo;un pied haut sur Hans Hateboer, le milieu de terrain nantais a d\u00fb laisser ses co\u00e9quipiers en inf\u00e9riorit\u00e9 num\u00e9rique pendant plus d&rsquo;une mi-temps apr\u00e8s l&rsquo;intervention de la VAR. \u00c0 ce moment-la du match, le score est encore de 0-0. \u00ab\u00a0Il y a des choses qu&rsquo;on ne comprend pas et qu&rsquo;on ne comprendra jamais. Ce n&rsquo;est pas normal. Quand je discute avec des gens de Lyon, ils sont d&rsquo;accord avec moi puisque \u00e7a leur arrive aussi\u00a0\u00bb, assure Waldemar Kita.<\/p>\n<p>\u00ab\u00a0\u00c7a ne changera jamais\u00a0\u00bb<\/p>\n<p>Selon le dirigeant nantais, le probl\u00e8me est bien plus profond : \u00ab\u00a0\u00c0 un moment, il va falloir remettre certaines choses \u00e0 z\u00e9ro. Aujourd&rsquo;hui, la Ligue n&rsquo;est pas riche et on n&rsquo;a rien chang\u00e9 par rapport \u00e0 la masse salariale et aux forfaits qu&rsquo;on donne \u00e0 l&rsquo;arbitrage. Les r\u00e9unions ne servent \u00e0 rien. \u00c7a ne changera jamais. On nous d\u00e9montre que c&rsquo;est nous le probl\u00e8me et pas eux.\u00a0\u00bb Et Nantes a eu l&rsquo;occasion de se sentir l\u00e9s\u00e9 jusque dans les derni\u00e8res minutes de la rencontre, puisque les Canaris se sont vu annuler un but en fin de match pour une faute.<\/p>\n<p>\u00ab\u00a0On est frustr\u00e9s parce qu&rsquo;on voulait gagner. Pour moi, certaines d\u00e9cisions arbitrales ne sont pas \u00e9quitables. Je ne pense pas que ce soit vraiment un gros contact pour donner un carton rouge. On a aussi marqu\u00e9 un but, qui a \u00e9t\u00e9 annul\u00e9. Je ne comprends toujours pas. je ne pense pas que ce soit juste, avec ces deux opportunit\u00e9s. Il faut juste accepter cette d\u00e9faite et repartir au travail\u00a0\u00bb, a d\u00e9clar\u00e9 le d\u00e9fenseur nantais Chidozie Awaziem sur <a href=\"https:\/\/rmcsport.bfmtv.com\/football\/ligue-1\/ligue1-nouveau-diffuseur-de-la-ligue1_DN-202508150216.html\" title=\"Ligue1+, nouveau diffuseur de la Ligue1\" class=\"internal_link\" target=\"_blank\" rel=\"noopener\">Ligue 1+<\/a>.<\/p>\n","protected":false},"excerpt":{"rendered":"Waldemar Kita a pouss\u00e9 un coup de gueule ce dimanche apr\u00e8s la d\u00e9faite de Nantes sur la pelouse&hellip;\n","protected":false},"author":2,"featured_media":327561,"comment_status":"","ping_status":"","sticky":false,"template":"","format":"standard","meta":{"footnotes":""},"categories":[1410],"tags":[63,1011,27,60],"class_list":{"0":"post-570154","1":"post","2":"type-post","3":"status-publish","4":"format-standard","5":"has-post-thumbnail","7":"category-football","8":"tag-football","9":"tag-fr","10":"tag-france","11":"tag-sports"},"share_on_mastodon":{"url":"https:\/\/pubeurope.com\/@fr\/115642207172839809","error":""},"_links":{"self":[{"href":"https:\/\/www.europesays.com\/fr\/wp-json\/wp\/v2\/posts\/570154","targetHints":{"allow":["GET"]}}],"collection":[{"href":"https:\/\/www.europesays.com\/fr\/wp-json\/wp\/v2\/posts"}],"about":[{"href":"https:\/\/www.europesays.com\/fr\/wp-json\/wp\/v2\/types\/post"}],"author":[{"embeddable":true,"href":"https:\/\/www.europesays.com\/fr\/wp-json\/wp\/v2\/users\/2"}],"replies":[{"embeddable":true,"href":"https:\/\/www.europesays.com\/fr\/wp-json\/wp\/v2\/comments?post=570154"}],"version-history":[{"count":0,"href":"https:\/\/www.europesays.com\/fr\/wp-json\/wp\/v2\/posts\/570154\/revisions"}],"wp:featuredmedia":[{"embeddable":true,"href":"https:\/\/www.europesays.com\/fr\/wp-json\/wp\/v2\/media\/327561"}],"wp:attachment":[{"href":"https:\/\/www.europesays.com\/fr\/wp-json\/wp\/v2\/media?parent=570154"}],"wp:term":[{"taxonomy":"category","embeddable":true,"href":"https:\/\/www.europesays.com\/fr\/wp-json\/wp\/v2\/categories?post=570154"},{"taxonomy":"post_tag","embeddable":true,"href":"https:\/\/www.europesays.com\/fr\/wp-json\/wp\/v2\/tags?post=570154"}],"curies":[{"name":"wp","href":"https:\/\/api.w.org\/{rel}","templated":true}]}}